{"id":272,"date":"2016-01-27T14:42:11","date_gmt":"2016-01-27T14:42:11","guid":{"rendered":"http:\/\/sindicatos.cgtp.pt\/fesaht\/?p=272"},"modified":"2019-08-26T13:32:23","modified_gmt":"2019-08-26T13:32:23","slug":"sindicato-alimentacao-bebidas-acores-sabces","status":"publish","type":"post","link":"https:\/\/sindicatos.cgtp.pt\/fesaht\/2016\/01\/27\/sindicato-alimentacao-bebidas-acores-sabces\/","title":{"rendered":"Sindicato dos Trabalhadores de Ind\u00fastrias Transformadoras, Alimenta\u00e7\u00e3o, Bebidas e  Similares, Comercio, Escrit\u00f3rios e Servi\u00e7os, Hotelaria e Turismo dos A\u00e7ores &#8211; SITACEHT\/A\u00e7ores"},"content":{"rendered":"<p>Rua Eduardo Bulc\u00e3o, n\u00ba 2<\/p>\n<p>9900-116 Horta<\/p>\n<p>telef: 292 200340 fax: 292 200345<\/p>\n<p>email: <a href=\"&#109;&#x61;&#105;&#x6c;&#116;&#x6f;&#58;&#x73;&#97;&#x62;&#99;&#x65;&#115;&#x40;&#115;&#x61;&#112;&#x6f;&#46;&#x70;&#116;\">&#115;&#x61;&#98;&#x63;e&#x73;&#64;&#115;&#x61;&#112;&#x6f;&#46;&#x70;t<\/a><\/p>\n","protected":false},"excerpt":{"rendered":"<p>Rua Eduardo Bulc\u00e3o, n\u00ba 2 9900-116 Horta telef: 292 200340 fax: 292 200345 email: &#x73;&#x61;&#98;ce&#x73;&#x40;&#115;&#97;p&#x6f;&#x2e;&#112;&#116;<\/p>\n","protected":false},"author":52,"featured_media":0,"comment_status":"closed","ping_status":"open","sticky":false,"template":"","format":"standard","meta":{"footnotes":""},"categories":[34],"tags":[],"class_list":["post-272","post","type-post","status-publish","format-standard","hentry","category-sabces"],"_links":{"self":[{"href":"https:\/\/sindicatos.cgtp.pt\/fesaht\/wp-json\/wp\/v2\/posts\/272","targetHints":{"allow":["GET"]}}],"collection":[{"href":"https:\/\/sindicatos.cgtp.pt\/fesaht\/wp-json\/wp\/v2\/posts"}],"about":[{"href":"https:\/\/sindicatos.cgtp.pt\/fesaht\/wp-json\/wp\/v2\/types\/post"}],"author":[{"embeddable":true,"href":"https:\/\/sindicatos.cgtp.pt\/fesaht\/wp-json\/wp\/v2\/users\/52"}],"replies":[{"embeddable":true,"href":"https:\/\/sindicatos.cgtp.pt\/fesaht\/wp-json\/wp\/v2\/comments?post=272"}],"version-history":[{"count":7,"href":"https:\/\/sindicatos.cgtp.pt\/fesaht\/wp-json\/wp\/v2\/posts\/272\/revisions"}],"predecessor-version":[{"id":275,"href":"https:\/\/sindicatos.cgtp.pt\/fesaht\/wp-json\/wp\/v2\/posts\/272\/revisions\/275"}],"wp:attachment":[{"href":"https:\/\/sindicatos.cgtp.pt\/fesaht\/wp-json\/wp\/v2\/media?parent=272"}],"wp:term":[{"taxonomy":"category","embeddable":true,"href":"https:\/\/sindicatos.cgtp.pt\/fesaht\/wp-json\/wp\/v2\/categories?post=272"},{"taxonomy":"post_tag","embeddable":true,"href":"https:\/\/sindicatos.cgtp.pt\/fesaht\/wp-json\/wp\/v2\/tags?post=272"}],"curies":[{"name":"wp","href":"https:\/\/api.w.org\/{rel}","templated":true}]}}