{"id":584,"date":"2019-06-03T11:02:56","date_gmt":"2019-06-03T11:02:56","guid":{"rendered":"http:\/\/sindicatos.cgtp.pt\/fesaht\/?p=584"},"modified":"2019-06-03T11:02:56","modified_gmt":"2019-06-03T11:02:56","slug":"trabalhadores-da-cofaco-reunem-com-partidos-politicos-com-vista-a-que-seja-cumprida-a-recomendacao-ao-governo","status":"publish","type":"post","link":"https:\/\/sindicatos.cgtp.pt\/fesaht\/2019\/06\/03\/trabalhadores-da-cofaco-reunem-com-partidos-politicos-com-vista-a-que-seja-cumprida-a-recomendacao-ao-governo\/","title":{"rendered":"TRABALHADORES DA COFACO RE\u00daNEM COM PARTIDOS POL\u00cdTICOS COM VISTA A QUE SEJA CUMPRIDA A RECOMENDA\u00c7\u00c3O AO GOVERNO"},"content":{"rendered":"<p><img decoding=\"async\" class=\"aligncenter\" alt=\"A imagem pode conter: uma ou mais pessoas e ar livre\" src=\"https:\/\/scontent.flis5-1.fna.fbcdn.net\/v\/t1.0-9\/61689867_352711692059132_1186099822025768960_n.jpg?_nc_cat=103&amp;_nc_ht=scontent.flis5-1.fna&amp;oh=5a420cbcdc56c62f886ed100b7e4fb43&amp;oe=5D57DE89\" \/><\/p>\n<p>&nbsp;<\/p>\n<p style=\"text-align: justify\">O Sindicato dos Trabalhadores de Alimenta\u00e7\u00e3o, Bebidas e Similares, Com\u00e9rcio, Escrit\u00f3rios e Servi\u00e7os dos A\u00e7ores (SABCES\/A\u00e7ores), de acordo com a decis\u00e3o tomada, por unanimidade, no Plen\u00e1rio realizado pelos ex-trabalhadores da COFACO do Pico, no dia 30 de abril \u00faltimo, realizou reuni\u00f5es com os partidos com representa\u00e7\u00e3o na Assembleia Legislativa Regional e com os Deputados do PSD, eleitos pelos A\u00e7ores na Assembleia da Rep\u00fablica.<\/p>\n<p style=\"text-align: justify\">Estas reuni\u00f5es tiveram como objectivo demonstrar a preocupa\u00e7\u00e3o e o rep\u00fadio do sindicato, mas acima de tudo, das pessoas envolvidas no despedimento Coletivo da COFACO do Pico, perante a situa\u00e7\u00e3o incompreens\u00edvel e lament\u00e1vel de ainda n\u00e3o ter sido aplicada a Resolu\u00e7\u00e3o 242\/2018 da Assembleia da Rep\u00fablica sobre os trabalhadores da unidade fabril da COFACO da Madalena.<\/p>\n<p style=\"text-align: justify\">Foi publicada em Di\u00e1rio da Rep\u00fablica, vai fazer nove meses, a Resolu\u00e7\u00e3o da Assembleia da Rep\u00fablica n.\u00ba 242\/2018, de 8 de agosto de 2018, que recomenda ao Governo \u201cque institua um regime especial e transit\u00f3rio de facilita\u00e7\u00e3o do acesso, majora\u00e7\u00e3o de valor e prolongamento da dura\u00e7\u00e3o de apoios sociais aos trabalhadores em situa\u00e7\u00e3o de desemprego nos concelhos de Madalena do Pico, Lajes do Pico e S\u00e3o Roque do Pico, na Regi\u00e3o Aut\u00f3noma dos A\u00e7ores, e a todos os ex-trabalhadores da f\u00e1brica COFACO Pico\u201d.<\/p>\n<p style=\"text-align: justify\">Esta Resolu\u00e7\u00e3o, aprovada por unanimidade, foi motivada pela preocupa\u00e7\u00e3o suscitada com as consequ\u00eancias sociais e econ\u00f3micas do encerramento da empresa conserveira COFACO, na Ilha do Pico. Procurando evitar que o despedimento coletivo dos 162 trabalhadores n\u00e3o tivesse consequ\u00eancias nefastas em todo o mercado de trabalho na Ilha do Pico, colocando-a na imin\u00eancia de uma cat\u00e1strofe de grandes propor\u00e7\u00f5es e cujos efeitos se agravar\u00e3o com o aprofundar do c\u00edrculo vicioso da recess\u00e3o e do aumento do desemprego a n\u00edvel local.<\/p>\n<p style=\"text-align: justify\">Todas as for\u00e7as pol\u00edticas lamentam esta situa\u00e7\u00e3o e comprometeram-se a desenvolver esfor\u00e7os, para que, no imediato, sejam aplicados os apoios sociais aos trabalhadores.<\/p>\n<p style=\"text-align: justify\">O SABCES\/A\u00e7ores vai mais longe, para al\u00e9m da situa\u00e7\u00e3o de injusti\u00e7a, este \u00e9 o tipo de comportamento que pouco dignifica a classe pol\u00edtica em Portugal. N\u00e3o basta propor medidas ou tomar medidas, \u00e9 preciso ir mais longe, fazendo o acompanhamento e o controlo de execu\u00e7\u00e3o destas medidas, criando as condi\u00e7\u00f5es para que elas saiam do papel e se concretizem, cumprindo os objectivos, para os quais foram criadas.<\/p>\n<p style=\"text-align: justify\">Para o SABCES\/A\u00e7ores, para os ex-trabalhadores e para os picoenses, em geral, a majora\u00e7\u00e3o do subs\u00eddio de desemprego, em termos de montante e de prazo eram essenciais, para os trabalhadores, para as suas fam\u00edlias e para a economia da Ilha, possibilitando assim que n\u00e3o houvesse uma perda muito significativa do poder de compra e permitindo que o tecido empresarial tivesse espa\u00e7o para se adaptar e ultrapassar a situa\u00e7\u00e3o.<\/p>\n<p style=\"text-align: justify\">\n<p style=\"text-align: justify\">Acreditamos que, desta vez, possa ser corrigida esta lament\u00e1vel injusti\u00e7a para com os ex-trabalhadores da COFACO do Pico e que a aplica\u00e7\u00e3o dos apoios sociais tenha retroactividade a agosto de 2018.<\/p>\n<p style=\"text-align: justify\">Para completar o conjunto de reuni\u00f5es, vamos solicitar uma reuni\u00e3o ao Secret\u00e1rio do Mar, Ci\u00eancia e Tecnologia.<\/p>\n<p style=\"text-align: justify\">O SABCES\/A\u00e7ores, os ex-trabalhadores da COFACO e os picoenses n\u00e3o v\u00e3o baixar os bra\u00e7os, continuaremos a lutar, para corrigir, no imediato, esta situa\u00e7\u00e3o de tremenda injusti\u00e7a.<\/p>\n","protected":false},"excerpt":{"rendered":"<p>&nbsp; O Sindicato dos Trabalhadores de Alimenta\u00e7\u00e3o, Bebidas e Similares, Com\u00e9rcio, Escrit\u00f3rios e Servi\u00e7os dos A\u00e7ores (SABCES\/A\u00e7ores), de acordo com a decis\u00e3o tomada, por unanimidade, no Plen\u00e1rio realizado pelos ex-trabalhadores da COFACO do Pico, no dia 30 de abril \u00faltimo, realizou reuni\u00f5es com os partidos<\/p>\n","protected":false},"author":52,"featured_media":0,"comment_status":"closed","ping_status":"open","sticky":false,"template":"","format":"standard","meta":{"footnotes":""},"categories":[2],"tags":[],"class_list":["post-584","post","type-post","status-publish","format-standard","hentry","category-destaques"],"_links":{"self":[{"href":"https:\/\/sindicatos.cgtp.pt\/fesaht\/wp-json\/wp\/v2\/posts\/584","targetHints":{"allow":["GET"]}}],"collection":[{"href":"https:\/\/sindicatos.cgtp.pt\/fesaht\/wp-json\/wp\/v2\/posts"}],"about":[{"href":"https:\/\/sindicatos.cgtp.pt\/fesaht\/wp-json\/wp\/v2\/types\/post"}],"author":[{"embeddable":true,"href":"https:\/\/sindicatos.cgtp.pt\/fesaht\/wp-json\/wp\/v2\/users\/52"}],"replies":[{"embeddable":true,"href":"https:\/\/sindicatos.cgtp.pt\/fesaht\/wp-json\/wp\/v2\/comments?post=584"}],"version-history":[{"count":2,"href":"https:\/\/sindicatos.cgtp.pt\/fesaht\/wp-json\/wp\/v2\/posts\/584\/revisions"}],"predecessor-version":[{"id":586,"href":"https:\/\/sindicatos.cgtp.pt\/fesaht\/wp-json\/wp\/v2\/posts\/584\/revisions\/586"}],"wp:attachment":[{"href":"https:\/\/sindicatos.cgtp.pt\/fesaht\/wp-json\/wp\/v2\/media?parent=584"}],"wp:term":[{"taxonomy":"category","embeddable":true,"href":"https:\/\/sindicatos.cgtp.pt\/fesaht\/wp-json\/wp\/v2\/categories?post=584"},{"taxonomy":"post_tag","embeddable":true,"href":"https:\/\/sindicatos.cgtp.pt\/fesaht\/wp-json\/wp\/v2\/tags?post=584"}],"curies":[{"name":"wp","href":"https:\/\/api.w.org\/{rel}","templated":true}]}}