{"id":2254,"date":"2021-01-16T13:50:26","date_gmt":"2021-01-16T13:50:26","guid":{"rendered":"http:\/\/sindicatos.cgtp.pt\/feviccom\/?p=2254"},"modified":"2021-01-16T13:50:26","modified_gmt":"2021-01-16T13:50:26","slug":"mais-um-fim-de-semana-mais-uma-luta-na-empresa-carl-zeiss","status":"publish","type":"post","link":"https:\/\/sindicatos.cgtp.pt\/feviccom\/2021\/01\/16\/mais-um-fim-de-semana-mais-uma-luta-na-empresa-carl-zeiss\/","title":{"rendered":"MAIS UM FIM-DE-SEMANA, MAIS UMA LUTA NA EMPRESA CARL ZEISS"},"content":{"rendered":"<p>A Administra\u00e7\u00e3o da Carl Zeiss insiste em manter os hor\u00e1rios de labora\u00e7\u00e3o cont\u00ednua contra a vontade e os direitos consagrados dos trabalhadores.<\/p>\n<p>Face a esta postura da empresa, os trabalhadores e trabalhadoras da Carl Zeiss est\u00e3o novamente\u00a0 de forma massiva em Greve, durante este fim-de-semana de 16 e 17 de Janeiro.<\/p>\n<p style=\"text-align: center\"><a href=\"https:\/\/sindicatos.cgtp.pt\/feviccom\/wp-content\/blogs.dir\/53\/files\/sites\/53\/2021\/01\/IMG_20210116_111426.jpg\"><img loading=\"lazy\" decoding=\"async\" class=\"alignnone size-medium wp-image-2255\" alt=\"IMG_20210116_111426\" src=\"https:\/\/sindicatos.cgtp.pt\/feviccom\/wp-content\/blogs.dir\/53\/files\/sites\/53\/2021\/01\/IMG_20210116_111426-240x134.jpg\" width=\"240\" height=\"134\" srcset=\"https:\/\/sindicatos.cgtp.pt\/feviccom\/wp-content\/blogs.dir\/53\/files\/sites\/53\/2021\/01\/IMG_20210116_111426-240x134.jpg 240w, https:\/\/sindicatos.cgtp.pt\/feviccom\/wp-content\/blogs.dir\/53\/files\/sites\/53\/2021\/01\/IMG_20210116_111426-800x448.jpg 800w\" sizes=\"auto, (max-width: 240px) 100vw, 240px\" \/><\/a><\/p>\n<p>Quando a empresa abdica de solu\u00e7\u00f5es, optando por imposi\u00e7\u00f5es, vem novamente demonstrar a justeza das raz\u00f5es que justificam a Luta destes trabalhadores.<\/p>\n<p>\u00c0 prepot\u00eancia da empresa, os trabalhadores juntam for\u00e7a, determina\u00e7\u00e3o e unidade para afirmarem os seus direitos!<b>\u00a0<\/b><\/p>\n<p align=\"center\"><b>UNIDOS E ORGANIZADOS NA LUTA<\/b><\/p>\n<p align=\"center\"><b>PELOS HOR\u00c1RIOS DE 2\u00aa A 6\u00aa FEIRA!<\/b><\/p>\n<p align=\"center\"><a href=\"https:\/\/sindicatos.cgtp.pt\/feviccom\/wp-content\/blogs.dir\/53\/files\/sites\/53\/2021\/01\/IMG_20210116_111526.jpg\"><img loading=\"lazy\" decoding=\"async\" class=\"alignnone size-medium wp-image-2256\" alt=\"IMG_20210116_111526\" src=\"https:\/\/sindicatos.cgtp.pt\/feviccom\/wp-content\/blogs.dir\/53\/files\/sites\/53\/2021\/01\/IMG_20210116_111526-240x129.jpg\" width=\"240\" height=\"129\" srcset=\"https:\/\/sindicatos.cgtp.pt\/feviccom\/wp-content\/blogs.dir\/53\/files\/sites\/53\/2021\/01\/IMG_20210116_111526-240x129.jpg 240w, https:\/\/sindicatos.cgtp.pt\/feviccom\/wp-content\/blogs.dir\/53\/files\/sites\/53\/2021\/01\/IMG_20210116_111526-800x431.jpg 800w\" sizes=\"auto, (max-width: 240px) 100vw, 240px\" \/><\/a><\/p>\n<p align=\"center\"><span style=\"text-decoration: underline\"><b>Contra a imposi\u00e7\u00e3o da labora\u00e7\u00e3o cont\u00ednua!<\/b><\/span><\/p>\n<p align=\"center\"><span style=\"text-decoration: underline\"><b>Cumprimos os nossos deveres,\u00a0<\/b><b><span style=\"text-decoration: underline\">exigimos o respeito pelos nossos direitos e pelo AE!<\/span><\/b><\/span><\/p>\n<p style=\"text-align: left\" align=\"center\"><a href=\"https:\/\/sindicatos.cgtp.pt\/feviccom\/wp-content\/blogs.dir\/53\/files\/sites\/53\/2021\/01\/6a780790f1e202521f0a19599a0e3f5f-0.jpg\"><img loading=\"lazy\" decoding=\"async\" class=\"alignnone size-medium wp-image-2257\" alt=\"6a780790f1e202521f0a19599a0e3f5f-0\" src=\"https:\/\/sindicatos.cgtp.pt\/feviccom\/wp-content\/blogs.dir\/53\/files\/sites\/53\/2021\/01\/6a780790f1e202521f0a19599a0e3f5f-0-169x240.jpg\" width=\"169\" height=\"240\" srcset=\"https:\/\/sindicatos.cgtp.pt\/feviccom\/wp-content\/blogs.dir\/53\/files\/sites\/53\/2021\/01\/6a780790f1e202521f0a19599a0e3f5f-0-169x240.jpg 169w, https:\/\/sindicatos.cgtp.pt\/feviccom\/wp-content\/blogs.dir\/53\/files\/sites\/53\/2021\/01\/6a780790f1e202521f0a19599a0e3f5f-0-565x800.jpg 565w, https:\/\/sindicatos.cgtp.pt\/feviccom\/wp-content\/blogs.dir\/53\/files\/sites\/53\/2021\/01\/6a780790f1e202521f0a19599a0e3f5f-0.jpg 1654w\" sizes=\"auto, (max-width: 169px) 100vw, 169px\" \/><\/a><\/p>\n","protected":false},"excerpt":{"rendered":"<p>A Administra\u00e7\u00e3o da Carl Zeiss insiste em manter os hor\u00e1rios de labora\u00e7\u00e3o cont\u00ednua contra a vontade e os direitos consagrados dos trabalhadores. Face a esta postura da empresa, os trabalhadores e trabalhadoras da Carl Zeiss est\u00e3o novamente\u00a0 de forma massiva em Greve, durante este fim-de-semana<\/p>\n","protected":false},"author":65,"featured_media":0,"comment_status":"closed","ping_status":"open","sticky":false,"template":"","format":"standard","meta":{"footnotes":""},"categories":[12,4,13,22,1,27],"tags":[],"class_list":["post-2254","post","type-post","status-publish","format-standard","hentry","category-accao-reivindicativa","category-accao-sindical","category-actualidade","category-contratacao","category-noticias","category-vidro"],"_links":{"self":[{"href":"https:\/\/sindicatos.cgtp.pt\/feviccom\/wp-json\/wp\/v2\/posts\/2254","targetHints":{"allow":["GET"]}}],"collection":[{"href":"https:\/\/sindicatos.cgtp.pt\/feviccom\/wp-json\/wp\/v2\/posts"}],"about":[{"href":"https:\/\/sindicatos.cgtp.pt\/feviccom\/wp-json\/wp\/v2\/types\/post"}],"author":[{"embeddable":true,"href":"https:\/\/sindicatos.cgtp.pt\/feviccom\/wp-json\/wp\/v2\/users\/65"}],"replies":[{"embeddable":true,"href":"https:\/\/sindicatos.cgtp.pt\/feviccom\/wp-json\/wp\/v2\/comments?post=2254"}],"version-history":[{"count":4,"href":"https:\/\/sindicatos.cgtp.pt\/feviccom\/wp-json\/wp\/v2\/posts\/2254\/revisions"}],"predecessor-version":[{"id":2261,"href":"https:\/\/sindicatos.cgtp.pt\/feviccom\/wp-json\/wp\/v2\/posts\/2254\/revisions\/2261"}],"wp:attachment":[{"href":"https:\/\/sindicatos.cgtp.pt\/feviccom\/wp-json\/wp\/v2\/media?parent=2254"}],"wp:term":[{"taxonomy":"category","embeddable":true,"href":"https:\/\/sindicatos.cgtp.pt\/feviccom\/wp-json\/wp\/v2\/categories?post=2254"},{"taxonomy":"post_tag","embeddable":true,"href":"https:\/\/sindicatos.cgtp.pt\/feviccom\/wp-json\/wp\/v2\/tags?post=2254"}],"curies":[{"name":"wp","href":"https:\/\/api.w.org\/{rel}","templated":true}]}}