{"id":3077,"date":"2024-05-21T08:25:25","date_gmt":"2024-05-21T08:25:25","guid":{"rendered":"http:\/\/sindicatos.cgtp.pt\/feviccom\/?p=3077"},"modified":"2024-05-21T08:25:56","modified_gmt":"2024-05-21T08:25:56","slug":"greve-na-ciarga-argamassas-secas-sa-grupo-cimpor","status":"publish","type":"post","link":"https:\/\/sindicatos.cgtp.pt\/feviccom\/2024\/05\/21\/greve-na-ciarga-argamassas-secas-sa-grupo-cimpor\/","title":{"rendered":"GREVE NA CIARGA \u2013 ARGAMASSAS SECAS, SA (GRUPO CIMPOR)"},"content":{"rendered":"<p style=\"text-align: center\" align=\"center\"><b><span style=\"text-decoration: underline\">DECLARA\u00c7\u00c3O DE GREVE<\/span><\/b><\/p>\n<p style=\"text-align: center\" align=\"center\"><b>Ao trabalho suplementar<\/b><\/p>\n<p style=\"text-align: center\" align=\"center\"><a href=\"https:\/\/sindicatos.cgtp.pt\/feviccom\/wp-content\/blogs.dir\/53\/files\/sites\/53\/2024\/04\/436252864_858466389422281_6359031165142809973_n.jpg\"><img loading=\"lazy\" decoding=\"async\" class=\"alignnone size-medium wp-image-3048\" alt=\"436252864_858466389422281_6359031165142809973_n\" src=\"https:\/\/sindicatos.cgtp.pt\/feviccom\/wp-content\/blogs.dir\/53\/files\/sites\/53\/2024\/04\/436252864_858466389422281_6359031165142809973_n-180x240.jpg\" width=\"180\" height=\"240\" srcset=\"https:\/\/sindicatos.cgtp.pt\/feviccom\/wp-content\/blogs.dir\/53\/files\/sites\/53\/2024\/04\/436252864_858466389422281_6359031165142809973_n-180x240.jpg 180w, https:\/\/sindicatos.cgtp.pt\/feviccom\/wp-content\/blogs.dir\/53\/files\/sites\/53\/2024\/04\/436252864_858466389422281_6359031165142809973_n-600x800.jpg 600w, https:\/\/sindicatos.cgtp.pt\/feviccom\/wp-content\/blogs.dir\/53\/files\/sites\/53\/2024\/04\/436252864_858466389422281_6359031165142809973_n.jpg 720w\" sizes=\"auto, (max-width: 180px) 100vw, 180px\" \/><\/a><\/p>\n<p style=\"text-align: left\" align=\"center\">Os trabalhadores, independentemente do seu v\u00ednculo laboral e sindicalizados ou n\u00e3o, da empresa <b>CIARGA \u2013 ARGAMASSAS SECAS, SA (GRUPO CIMPOR) <\/b>ir\u00e3o levar a efeito uma greve ao trabalho suplementar, <b>com in\u00edcio no dia 24 de Maio de 2024<\/b> e <b>at\u00e9 haver negocia\u00e7\u00e3o e satisfa\u00e7\u00e3o das reivindica\u00e7\u00f5es apresentadas pelos trabalhadores da empresa.<\/b><\/p>\n<p style=\"text-align: left\"><b>OS OBJECTIVOS DA GREVE S\u00c3O:<\/b><\/p>\n<ol style=\"text-align: left\" start=\"1\">\n<li>Desloca\u00e7\u00f5es a obras ou em forma\u00e7\u00e3o: direito ao pagamento de pequeno-almo\u00e7o, lanche e 15\u20ac para almo\u00e7o\/jantar, para al\u00e9m do pagamento das horas extras que ultrapassem o per\u00edodo normal de trabalho di\u00e1rio;<\/li>\n<li>Esclarecimento sobre os crit\u00e9rios de atribui\u00e7\u00e3o do pr\u00e9mio atribu\u00eddo em Maio de 2024;<\/li>\n<li>Igualdade de tratamento com a Cimpor (empresa-m\u00e3e):<\/li>\n<\/ol>\n<p style=\"text-align: left\">3.1.\u00a0\u00a0\u00a0\u00a0\u00a0\u00a0\u00a0\u00a0\u00a0 Aumentos salariais iguais, em percentagem, mas tamb\u00e9m em valor m\u00ednimo;<\/p>\n<p style=\"text-align: left\">3.2.\u00a0\u00a0\u00a0\u00a0\u00a0\u00a0\u00a0\u00a0\u00a0 Subs\u00eddios de turno iguais, de acordo com os regimes praticados, em particular para os dois turnos com folga fixa ao domingo (270,00\u20ac, em 2023);<\/p>\n<p style=\"text-align: left\">3.3.\u00a0\u00a0\u00a0\u00a0\u00a0\u00a0\u00a0\u00a0\u00a0 15.\u00b0 m\u00eas para todos os trabalhadores da Ciarga;<\/p>\n<p style=\"text-align: left\">3.4.\u00a0\u00a0\u00a0\u00a0\u00a0\u00a0\u00a0\u00a0\u00a0 Subs\u00eddio de transporte em fun\u00e7\u00e3o da dist\u00e2ncia entre o local de trabalho e o local de resid\u00eancia.<\/p>\n<p style=\"text-align: right\" align=\"right\">A Direc\u00e7\u00e3o Nacional<\/p>\n<p style=\"text-align: right\" align=\"right\">Lisboa, 21 de Maio de 2024<\/p>\n","protected":false},"excerpt":{"rendered":"<p>DECLARA\u00c7\u00c3O DE GREVE Ao trabalho suplementar Os trabalhadores, independentemente do seu v\u00ednculo laboral e sindicalizados ou n\u00e3o, da empresa CIARGA \u2013 ARGAMASSAS SECAS, SA (GRUPO CIMPOR) ir\u00e3o levar a efeito uma greve ao trabalho suplementar, com in\u00edcio no dia 24 de Maio de 2024 e<\/p>\n","protected":false},"author":65,"featured_media":0,"comment_status":"closed","ping_status":"open","sticky":false,"template":"","format":"standard","meta":{"footnotes":""},"categories":[12,13,28,22,1],"tags":[],"class_list":["post-3077","post","type-post","status-publish","format-standard","hentry","category-accao-reivindicativa","category-actualidade","category-cimento","category-contratacao","category-noticias"],"_links":{"self":[{"href":"https:\/\/sindicatos.cgtp.pt\/feviccom\/wp-json\/wp\/v2\/posts\/3077","targetHints":{"allow":["GET"]}}],"collection":[{"href":"https:\/\/sindicatos.cgtp.pt\/feviccom\/wp-json\/wp\/v2\/posts"}],"about":[{"href":"https:\/\/sindicatos.cgtp.pt\/feviccom\/wp-json\/wp\/v2\/types\/post"}],"author":[{"embeddable":true,"href":"https:\/\/sindicatos.cgtp.pt\/feviccom\/wp-json\/wp\/v2\/users\/65"}],"replies":[{"embeddable":true,"href":"https:\/\/sindicatos.cgtp.pt\/feviccom\/wp-json\/wp\/v2\/comments?post=3077"}],"version-history":[{"count":4,"href":"https:\/\/sindicatos.cgtp.pt\/feviccom\/wp-json\/wp\/v2\/posts\/3077\/revisions"}],"predecessor-version":[{"id":3081,"href":"https:\/\/sindicatos.cgtp.pt\/feviccom\/wp-json\/wp\/v2\/posts\/3077\/revisions\/3081"}],"wp:attachment":[{"href":"https:\/\/sindicatos.cgtp.pt\/feviccom\/wp-json\/wp\/v2\/media?parent=3077"}],"wp:term":[{"taxonomy":"category","embeddable":true,"href":"https:\/\/sindicatos.cgtp.pt\/feviccom\/wp-json\/wp\/v2\/categories?post=3077"},{"taxonomy":"post_tag","embeddable":true,"href":"https:\/\/sindicatos.cgtp.pt\/feviccom\/wp-json\/wp\/v2\/tags?post=3077"}],"curies":[{"name":"wp","href":"https:\/\/api.w.org\/{rel}","templated":true}]}}