{"id":3089,"date":"2024-05-31T19:09:26","date_gmt":"2024-05-31T19:09:26","guid":{"rendered":"http:\/\/sindicatos.cgtp.pt\/feviccom\/?p=3089"},"modified":"2024-05-31T19:09:47","modified_gmt":"2024-05-31T19:09:47","slug":"informacao-de-ultima-hora-sobre-a-greve-na-cimpor-3-a-8-de-junho-2024","status":"publish","type":"post","link":"https:\/\/sindicatos.cgtp.pt\/feviccom\/2024\/05\/31\/informacao-de-ultima-hora-sobre-a-greve-na-cimpor-3-a-8-de-junho-2024\/","title":{"rendered":"INFORMA\u00c7\u00c3O DE \u00daLTIMA HORA SOBRE A GREVE NA CIMPOR (3 a 8 de Junho 2024)"},"content":{"rendered":"<p style=\"text-align: center\"><a href=\"https:\/\/sindicatos.cgtp.pt\/feviccom\/wp-content\/blogs.dir\/53\/files\/sites\/53\/2024\/04\/2c2169b8-9e5d-422e-a1bc-1904db09b75d.jpeg\"><img loading=\"lazy\" decoding=\"async\" class=\"alignnone size-medium wp-image-3074\" alt=\"2c2169b8-9e5d-422e-a1bc-1904db09b75d\" src=\"https:\/\/sindicatos.cgtp.pt\/feviccom\/wp-content\/blogs.dir\/53\/files\/sites\/53\/2024\/04\/2c2169b8-9e5d-422e-a1bc-1904db09b75d-240x180.jpeg\" width=\"240\" height=\"180\" srcset=\"https:\/\/sindicatos.cgtp.pt\/feviccom\/wp-content\/blogs.dir\/53\/files\/sites\/53\/2024\/04\/2c2169b8-9e5d-422e-a1bc-1904db09b75d-240x180.jpeg 240w, https:\/\/sindicatos.cgtp.pt\/feviccom\/wp-content\/blogs.dir\/53\/files\/sites\/53\/2024\/04\/2c2169b8-9e5d-422e-a1bc-1904db09b75d-800x600.jpeg 800w, https:\/\/sindicatos.cgtp.pt\/feviccom\/wp-content\/blogs.dir\/53\/files\/sites\/53\/2024\/04\/2c2169b8-9e5d-422e-a1bc-1904db09b75d-160x120.jpeg 160w, https:\/\/sindicatos.cgtp.pt\/feviccom\/wp-content\/blogs.dir\/53\/files\/sites\/53\/2024\/04\/2c2169b8-9e5d-422e-a1bc-1904db09b75d.jpeg 2000w\" sizes=\"auto, (max-width: 240px) 100vw, 240px\" \/><\/a><\/p>\n<div dir=\"auto\">Face \u00e0 evolu\u00e7\u00e3o no processo negocial do AE Cimpor, na reuni\u00e3o de 29 de Maio, designadamente em mat\u00e9ria de redu\u00e7\u00e3o do hor\u00e1rio semanal de trabalho para as 37,5 horas em 1 de Janeiro de 2026, assim como a abordagem de outras reivindica\u00e7\u00f5es, nomeadamente, sobre os apoios na sa\u00fade, foi decidido:<\/div>\n<div>\n<div dir=\"auto\">&#8211; Realizar Plen\u00e1rios de Trabalhadores a partir de 2\u00aa feira, dia 3 de Junho, para an\u00e1lise da actual situa\u00e7\u00e3o e delibera\u00e7\u00e3o das medidas a tomar.<\/div>\n<div dir=\"auto\">&#8211; Para o efeito, fica suspensa a greve programada para a primeira semana de Junho (3 a 8 de Junho).<\/div>\n<\/div>\n<div>\n<div dir=\"auto\">Simultaneamente, face a compromissos assumidos pela empresa, tamb\u00e9m ficam, para j\u00e1, suspensos os pr\u00e9-avisos de greve para as mesmas datas, nas outras duas empresas do Grupo Cimpor: CIARGA \u2013 Argamassas Secas e CIMPOR \u2013 SERVI\u00c7OS.<\/div>\n<div dir=\"auto\"><\/div>\n<div dir=\"auto\"><\/div>\n<\/div>\n<div>\n<div dir=\"auto\" style=\"text-align: right\">A Direc\u00e7\u00e3o Nacional<\/div>\n<div dir=\"auto\" style=\"text-align: right\">31 de Maio de 2024<\/div>\n<\/div>\n","protected":false},"excerpt":{"rendered":"<p>Face \u00e0 evolu\u00e7\u00e3o no processo negocial do AE Cimpor, na reuni\u00e3o de 29 de Maio, designadamente em mat\u00e9ria de redu\u00e7\u00e3o do hor\u00e1rio semanal de trabalho para as 37,5 horas em 1 de Janeiro de 2026, assim como a abordagem de outras reivindica\u00e7\u00f5es, nomeadamente, sobre os<\/p>\n","protected":false},"author":65,"featured_media":0,"comment_status":"closed","ping_status":"open","sticky":false,"template":"","format":"standard","meta":{"footnotes":""},"categories":[12,13,28,22,1],"tags":[],"class_list":["post-3089","post","type-post","status-publish","format-standard","hentry","category-accao-reivindicativa","category-actualidade","category-cimento","category-contratacao","category-noticias"],"_links":{"self":[{"href":"https:\/\/sindicatos.cgtp.pt\/feviccom\/wp-json\/wp\/v2\/posts\/3089","targetHints":{"allow":["GET"]}}],"collection":[{"href":"https:\/\/sindicatos.cgtp.pt\/feviccom\/wp-json\/wp\/v2\/posts"}],"about":[{"href":"https:\/\/sindicatos.cgtp.pt\/feviccom\/wp-json\/wp\/v2\/types\/post"}],"author":[{"embeddable":true,"href":"https:\/\/sindicatos.cgtp.pt\/feviccom\/wp-json\/wp\/v2\/users\/65"}],"replies":[{"embeddable":true,"href":"https:\/\/sindicatos.cgtp.pt\/feviccom\/wp-json\/wp\/v2\/comments?post=3089"}],"version-history":[{"count":4,"href":"https:\/\/sindicatos.cgtp.pt\/feviccom\/wp-json\/wp\/v2\/posts\/3089\/revisions"}],"predecessor-version":[{"id":3093,"href":"https:\/\/sindicatos.cgtp.pt\/feviccom\/wp-json\/wp\/v2\/posts\/3089\/revisions\/3093"}],"wp:attachment":[{"href":"https:\/\/sindicatos.cgtp.pt\/feviccom\/wp-json\/wp\/v2\/media?parent=3089"}],"wp:term":[{"taxonomy":"category","embeddable":true,"href":"https:\/\/sindicatos.cgtp.pt\/feviccom\/wp-json\/wp\/v2\/categories?post=3089"},{"taxonomy":"post_tag","embeddable":true,"href":"https:\/\/sindicatos.cgtp.pt\/feviccom\/wp-json\/wp\/v2\/tags?post=3089"}],"curies":[{"name":"wp","href":"https:\/\/api.w.org\/{rel}","templated":true}]}}