{"id":3099,"date":"2024-06-25T10:49:10","date_gmt":"2024-06-25T10:49:10","guid":{"rendered":"http:\/\/sindicatos.cgtp.pt\/feviccom\/?p=3099"},"modified":"2024-06-25T10:49:10","modified_gmt":"2024-06-25T10:49:10","slug":"direccao-nacional-da-feviccom-esta-hoje-reunida-no-porto","status":"publish","type":"post","link":"https:\/\/sindicatos.cgtp.pt\/feviccom\/2024\/06\/25\/direccao-nacional-da-feviccom-esta-hoje-reunida-no-porto\/","title":{"rendered":"DIREC\u00c7\u00c3O NACIONAL DA FEVICCOM est\u00e1 hoje reunida, no Porto"},"content":{"rendered":"<p style=\"text-align: center\">Em debate est\u00e3o os processos reivindicativos do sector, os resultados alcan\u00e7ados e a prepara\u00e7\u00e3o do 6.\u00b0 Congresso da FEVICCOM que se vai realizar no dia 25 de Outubro de 2024, na Marinha Grande.<\/p>\n<p style=\"text-align: left\"><a href=\"https:\/\/sindicatos.cgtp.pt\/feviccom\/wp-content\/blogs.dir\/53\/files\/sites\/53\/2024\/06\/WhatsApp-Image-2024-06-25-at-11.26.32-1.jpeg\"><img loading=\"lazy\" decoding=\"async\" class=\"alignnone size-medium wp-image-3100\" alt=\"WhatsApp Image 2024-06-25 at 11.26.32 (1)\" src=\"https:\/\/sindicatos.cgtp.pt\/feviccom\/wp-content\/blogs.dir\/53\/files\/sites\/53\/2024\/06\/WhatsApp-Image-2024-06-25-at-11.26.32-1-180x240.jpeg\" width=\"180\" height=\"240\" srcset=\"https:\/\/sindicatos.cgtp.pt\/feviccom\/wp-content\/blogs.dir\/53\/files\/sites\/53\/2024\/06\/WhatsApp-Image-2024-06-25-at-11.26.32-1-180x240.jpeg 180w, https:\/\/sindicatos.cgtp.pt\/feviccom\/wp-content\/blogs.dir\/53\/files\/sites\/53\/2024\/06\/WhatsApp-Image-2024-06-25-at-11.26.32-1-600x800.jpeg 600w, https:\/\/sindicatos.cgtp.pt\/feviccom\/wp-content\/blogs.dir\/53\/files\/sites\/53\/2024\/06\/WhatsApp-Image-2024-06-25-at-11.26.32-1.jpeg 1512w\" sizes=\"auto, (max-width: 180px) 100vw, 180px\" \/><\/a> <a href=\"https:\/\/sindicatos.cgtp.pt\/feviccom\/wp-content\/blogs.dir\/53\/files\/sites\/53\/2024\/06\/WhatsApp-Image-2024-06-25-at-11.26.32.jpeg\"><img loading=\"lazy\" decoding=\"async\" class=\"alignnone size-medium wp-image-3101\" alt=\"WhatsApp Image 2024-06-25 at 11.26.32\" src=\"https:\/\/sindicatos.cgtp.pt\/feviccom\/wp-content\/blogs.dir\/53\/files\/sites\/53\/2024\/06\/WhatsApp-Image-2024-06-25-at-11.26.32-180x240.jpeg\" width=\"180\" height=\"240\" srcset=\"https:\/\/sindicatos.cgtp.pt\/feviccom\/wp-content\/blogs.dir\/53\/files\/sites\/53\/2024\/06\/WhatsApp-Image-2024-06-25-at-11.26.32-180x240.jpeg 180w, https:\/\/sindicatos.cgtp.pt\/feviccom\/wp-content\/blogs.dir\/53\/files\/sites\/53\/2024\/06\/WhatsApp-Image-2024-06-25-at-11.26.32-600x800.jpeg 600w, https:\/\/sindicatos.cgtp.pt\/feviccom\/wp-content\/blogs.dir\/53\/files\/sites\/53\/2024\/06\/WhatsApp-Image-2024-06-25-at-11.26.32.jpeg 1512w\" sizes=\"auto, (max-width: 180px) 100vw, 180px\" \/><\/a> <a href=\"https:\/\/sindicatos.cgtp.pt\/feviccom\/wp-content\/blogs.dir\/53\/files\/sites\/53\/2024\/06\/WhatsApp-Image-2024-06-25-at-11.26.31-3.jpeg\"><img loading=\"lazy\" decoding=\"async\" class=\"alignnone size-medium wp-image-3102\" alt=\"WhatsApp Image 2024-06-25 at 11.26.31 (3)\" src=\"https:\/\/sindicatos.cgtp.pt\/feviccom\/wp-content\/blogs.dir\/53\/files\/sites\/53\/2024\/06\/WhatsApp-Image-2024-06-25-at-11.26.31-3-180x240.jpeg\" width=\"180\" height=\"240\" srcset=\"https:\/\/sindicatos.cgtp.pt\/feviccom\/wp-content\/blogs.dir\/53\/files\/sites\/53\/2024\/06\/WhatsApp-Image-2024-06-25-at-11.26.31-3-180x240.jpeg 180w, https:\/\/sindicatos.cgtp.pt\/feviccom\/wp-content\/blogs.dir\/53\/files\/sites\/53\/2024\/06\/WhatsApp-Image-2024-06-25-at-11.26.31-3-600x800.jpeg 600w, https:\/\/sindicatos.cgtp.pt\/feviccom\/wp-content\/blogs.dir\/53\/files\/sites\/53\/2024\/06\/WhatsApp-Image-2024-06-25-at-11.26.31-3.jpeg 1512w\" sizes=\"auto, (max-width: 180px) 100vw, 180px\" \/><\/a> <a href=\"https:\/\/sindicatos.cgtp.pt\/feviccom\/wp-content\/blogs.dir\/53\/files\/sites\/53\/2024\/06\/WhatsApp-Image-2024-06-25-at-11.26.31-2.jpeg\"><img loading=\"lazy\" decoding=\"async\" class=\"alignnone size-medium wp-image-3103\" alt=\"WhatsApp Image 2024-06-25 at 11.26.31 (2)\" src=\"https:\/\/sindicatos.cgtp.pt\/feviccom\/wp-content\/blogs.dir\/53\/files\/sites\/53\/2024\/06\/WhatsApp-Image-2024-06-25-at-11.26.31-2-180x240.jpeg\" width=\"180\" height=\"240\" srcset=\"https:\/\/sindicatos.cgtp.pt\/feviccom\/wp-content\/blogs.dir\/53\/files\/sites\/53\/2024\/06\/WhatsApp-Image-2024-06-25-at-11.26.31-2-180x240.jpeg 180w, https:\/\/sindicatos.cgtp.pt\/feviccom\/wp-content\/blogs.dir\/53\/files\/sites\/53\/2024\/06\/WhatsApp-Image-2024-06-25-at-11.26.31-2-600x800.jpeg 600w, https:\/\/sindicatos.cgtp.pt\/feviccom\/wp-content\/blogs.dir\/53\/files\/sites\/53\/2024\/06\/WhatsApp-Image-2024-06-25-at-11.26.31-2.jpeg 1512w\" sizes=\"auto, (max-width: 180px) 100vw, 180px\" \/><\/a> <a href=\"https:\/\/sindicatos.cgtp.pt\/feviccom\/wp-content\/blogs.dir\/53\/files\/sites\/53\/2024\/06\/WhatsApp-Image-2024-06-25-at-11.26.31-1.jpeg\"><img loading=\"lazy\" decoding=\"async\" class=\"alignnone size-medium wp-image-3104\" alt=\"WhatsApp Image 2024-06-25 at 11.26.31 (1)\" src=\"https:\/\/sindicatos.cgtp.pt\/feviccom\/wp-content\/blogs.dir\/53\/files\/sites\/53\/2024\/06\/WhatsApp-Image-2024-06-25-at-11.26.31-1-180x240.jpeg\" width=\"180\" height=\"240\" srcset=\"https:\/\/sindicatos.cgtp.pt\/feviccom\/wp-content\/blogs.dir\/53\/files\/sites\/53\/2024\/06\/WhatsApp-Image-2024-06-25-at-11.26.31-1-180x240.jpeg 180w, https:\/\/sindicatos.cgtp.pt\/feviccom\/wp-content\/blogs.dir\/53\/files\/sites\/53\/2024\/06\/WhatsApp-Image-2024-06-25-at-11.26.31-1-600x800.jpeg 600w, https:\/\/sindicatos.cgtp.pt\/feviccom\/wp-content\/blogs.dir\/53\/files\/sites\/53\/2024\/06\/WhatsApp-Image-2024-06-25-at-11.26.31-1.jpeg 1512w\" sizes=\"auto, (max-width: 180px) 100vw, 180px\" \/><\/a> <a href=\"https:\/\/sindicatos.cgtp.pt\/feviccom\/wp-content\/blogs.dir\/53\/files\/sites\/53\/2024\/06\/WhatsApp-Image-2024-06-25-at-11.26.31.jpeg\"><img loading=\"lazy\" decoding=\"async\" class=\"alignnone size-medium wp-image-3105\" alt=\"WhatsApp Image 2024-06-25 at 11.26.31\" src=\"https:\/\/sindicatos.cgtp.pt\/feviccom\/wp-content\/blogs.dir\/53\/files\/sites\/53\/2024\/06\/WhatsApp-Image-2024-06-25-at-11.26.31-180x240.jpeg\" width=\"180\" height=\"240\" srcset=\"https:\/\/sindicatos.cgtp.pt\/feviccom\/wp-content\/blogs.dir\/53\/files\/sites\/53\/2024\/06\/WhatsApp-Image-2024-06-25-at-11.26.31-180x240.jpeg 180w, https:\/\/sindicatos.cgtp.pt\/feviccom\/wp-content\/blogs.dir\/53\/files\/sites\/53\/2024\/06\/WhatsApp-Image-2024-06-25-at-11.26.31-600x800.jpeg 600w, https:\/\/sindicatos.cgtp.pt\/feviccom\/wp-content\/blogs.dir\/53\/files\/sites\/53\/2024\/06\/WhatsApp-Image-2024-06-25-at-11.26.31.jpeg 1512w\" sizes=\"auto, (max-width: 180px) 100vw, 180px\" \/><\/a><\/p>\n","protected":false},"excerpt":{"rendered":"<p>Em debate est\u00e3o os processos reivindicativos do sector, os resultados alcan\u00e7ados e a prepara\u00e7\u00e3o do 6.\u00b0 Congresso da FEVICCOM que se vai realizar no dia 25 de Outubro de 2024, na Marinha Grande.<\/p>\n","protected":false},"author":65,"featured_media":0,"comment_status":"closed","ping_status":"open","sticky":false,"template":"","format":"standard","meta":{"footnotes":""},"categories":[13,35,38,1,36,39,43],"tags":[],"class_list":["post-3099","post","type-post","status-publish","format-standard","hentry","category-actualidade","category-estrutura-sindical","category-estrutura-sindical-quem-somos","category-noticias","category-quem-somos","category-sindicatos-filiados","category-sindicatos-nao-filiados"],"_links":{"self":[{"href":"https:\/\/sindicatos.cgtp.pt\/feviccom\/wp-json\/wp\/v2\/posts\/3099","targetHints":{"allow":["GET"]}}],"collection":[{"href":"https:\/\/sindicatos.cgtp.pt\/feviccom\/wp-json\/wp\/v2\/posts"}],"about":[{"href":"https:\/\/sindicatos.cgtp.pt\/feviccom\/wp-json\/wp\/v2\/types\/post"}],"author":[{"embeddable":true,"href":"https:\/\/sindicatos.cgtp.pt\/feviccom\/wp-json\/wp\/v2\/users\/65"}],"replies":[{"embeddable":true,"href":"https:\/\/sindicatos.cgtp.pt\/feviccom\/wp-json\/wp\/v2\/comments?post=3099"}],"version-history":[{"count":2,"href":"https:\/\/sindicatos.cgtp.pt\/feviccom\/wp-json\/wp\/v2\/posts\/3099\/revisions"}],"predecessor-version":[{"id":3107,"href":"https:\/\/sindicatos.cgtp.pt\/feviccom\/wp-json\/wp\/v2\/posts\/3099\/revisions\/3107"}],"wp:attachment":[{"href":"https:\/\/sindicatos.cgtp.pt\/feviccom\/wp-json\/wp\/v2\/media?parent=3099"}],"wp:term":[{"taxonomy":"category","embeddable":true,"href":"https:\/\/sindicatos.cgtp.pt\/feviccom\/wp-json\/wp\/v2\/categories?post=3099"},{"taxonomy":"post_tag","embeddable":true,"href":"https:\/\/sindicatos.cgtp.pt\/feviccom\/wp-json\/wp\/v2\/tags?post=3099"}],"curies":[{"name":"wp","href":"https:\/\/api.w.org\/{rel}","templated":true}]}}