{"id":408,"date":"2017-05-30T10:47:35","date_gmt":"2017-05-30T10:47:35","guid":{"rendered":"http:\/\/sindicatos.cgtp.pt\/feviccom\/?p=408"},"modified":"2017-05-30T10:47:45","modified_gmt":"2017-05-30T10:47:45","slug":"trabalhadores-da-cimenteira-secil-no-outao-iniciaram-hoje-dia-30-maio-uma-greve-de-3-dias","status":"publish","type":"post","link":"https:\/\/sindicatos.cgtp.pt\/feviccom\/2017\/05\/30\/trabalhadores-da-cimenteira-secil-no-outao-iniciaram-hoje-dia-30-maio-uma-greve-de-3-dias\/","title":{"rendered":"TRABALHADORES DA CIMENTEIRA SECIL, NO OUT\u00c3O, INICIARAM HOJE, DIA 30 MAIO, UMA GREVE DE 3 DIAS"},"content":{"rendered":"<p><strong><img loading=\"lazy\" decoding=\"async\" class=\"alignleft size-full wp-image-413\" alt=\" \" src=\"https:\/\/sindicatos.cgtp.pt\/feviccom\/wp-content\/blogs.dir\/53\/files\/sites\/53\/2017\/05\/20170530_005548_01.jpg\" width=\"1333\" height=\"1000\" \/>Os trabalhadores da cimenteira SECIL, no Out\u00e3o, paralisaram a 100% desde as 00h00, de hoje, dia 30 de Maio.<\/strong><\/p>\n<p>O piquete de greve assegurou o in\u00edcio da paragem dos 2 fornos, dos moinhos, da paletiza\u00e7\u00e3o e da expedi\u00e7\u00e3o, entre outros sectores e ir\u00e1 garantir a seguran\u00e7a das m\u00e1quinas e equipamentos nestes 3 dias de greve, que termina \u00e0s 24H00 do dia 1 de Junho.<\/p>\n<p>Estamos a chegar aos 7 anos sem aumentos salariais!<\/p>\n<p>O Acordo de Empresa \u00e9 para cumprir!<\/p>\n<p><b>A luta vai continuar!<\/b><\/p>\n","protected":false},"excerpt":{"rendered":"<p>Os trabalhadores da cimenteira SECIL, no Out\u00e3o, paralisaram a 100% desde as 00h00, de hoje, dia 30 de Maio. O piquete de greve assegurou o in\u00edcio da paragem dos 2 fornos, dos moinhos, da paletiza\u00e7\u00e3o e da expedi\u00e7\u00e3o, entre outros sectores e ir\u00e1 garantir a<\/p>\n","protected":false},"author":49,"featured_media":0,"comment_status":"closed","ping_status":"open","sticky":false,"template":"","format":"standard","meta":{"footnotes":""},"categories":[1],"tags":[],"class_list":["post-408","post","type-post","status-publish","format-standard","hentry","category-noticias"],"_links":{"self":[{"href":"https:\/\/sindicatos.cgtp.pt\/feviccom\/wp-json\/wp\/v2\/posts\/408","targetHints":{"allow":["GET"]}}],"collection":[{"href":"https:\/\/sindicatos.cgtp.pt\/feviccom\/wp-json\/wp\/v2\/posts"}],"about":[{"href":"https:\/\/sindicatos.cgtp.pt\/feviccom\/wp-json\/wp\/v2\/types\/post"}],"author":[{"embeddable":true,"href":"https:\/\/sindicatos.cgtp.pt\/feviccom\/wp-json\/wp\/v2\/users\/49"}],"replies":[{"embeddable":true,"href":"https:\/\/sindicatos.cgtp.pt\/feviccom\/wp-json\/wp\/v2\/comments?post=408"}],"version-history":[{"count":5,"href":"https:\/\/sindicatos.cgtp.pt\/feviccom\/wp-json\/wp\/v2\/posts\/408\/revisions"}],"predecessor-version":[{"id":416,"href":"https:\/\/sindicatos.cgtp.pt\/feviccom\/wp-json\/wp\/v2\/posts\/408\/revisions\/416"}],"wp:attachment":[{"href":"https:\/\/sindicatos.cgtp.pt\/feviccom\/wp-json\/wp\/v2\/media?parent=408"}],"wp:term":[{"taxonomy":"category","embeddable":true,"href":"https:\/\/sindicatos.cgtp.pt\/feviccom\/wp-json\/wp\/v2\/categories?post=408"},{"taxonomy":"post_tag","embeddable":true,"href":"https:\/\/sindicatos.cgtp.pt\/feviccom\/wp-json\/wp\/v2\/tags?post=408"}],"curies":[{"name":"wp","href":"https:\/\/api.w.org\/{rel}","templated":true}]}}