{"id":522,"date":"2018-09-21T17:28:35","date_gmt":"2018-09-21T17:28:35","guid":{"rendered":"http:\/\/sindicatos.cgtp.pt\/feviccom\/?p=522"},"modified":"2018-09-21T17:38:19","modified_gmt":"2018-09-21T17:38:19","slug":"21-de-setembro-accao-de-solidariedade-com-trabalhadora-corticeira-vitima-de-assedio","status":"publish","type":"post","link":"https:\/\/sindicatos.cgtp.pt\/feviccom\/2018\/09\/21\/21-de-setembro-accao-de-solidariedade-com-trabalhadora-corticeira-vitima-de-assedio\/","title":{"rendered":"21 de Setembro &#8211; Ac\u00e7\u00e3o de solidariedade com trabalhadora corticeira vitima de ass\u00e9dio"},"content":{"rendered":"<p>A FEVICCOM participou na ac\u00e7\u00e3o de solidariedade convocada para hoje dia 21 de Setembro pelo Sindicato dos oper\u00e1rios corticeiros do norte\u00a0para com a oper\u00e1ria corticeira Cristina Tavares v\u00edtima de ass\u00e9dio moral pela sua entidade patronal Fernando Couto, Corti\u00e7as SA.<\/p>\n<p>Esta ac\u00e7\u00e3o de solidariedade que decorreu frente \u00e0 empresa em Pa\u00e7os de Brand\u00e3o, contou com a presen\u00e7a e interven\u00e7\u00f5es de dirigentes, activistas sindicais\u00a0 e trabalhadores de v\u00e1rios sectores, das delega\u00e7\u00f5es do PCP e do BE, da Uni\u00e3o de sindicatos de Aveiro e do Secret\u00e1rio geral da CGTP-IN Arm\u00e9nio Carlos.<\/p>\n<p><a href=\"https:\/\/sindicatos.cgtp.pt\/feviccom\/wp-content\/blogs.dir\/53\/files\/sites\/53\/2018\/09\/20180921_120319-pdf-1.jpg\"><img loading=\"lazy\" decoding=\"async\" class=\"alignleft size-full wp-image-525\" alt=\"20180921_120319 pdf-1\" src=\"https:\/\/sindicatos.cgtp.pt\/feviccom\/wp-content\/blogs.dir\/53\/files\/sites\/53\/2018\/09\/20180921_120319-pdf-1.jpg\" width=\"2202\" height=\"1652\" \/><\/a><a href=\"https:\/\/sindicatos.cgtp.pt\/feviccom\/wp-content\/blogs.dir\/53\/files\/sites\/53\/2018\/09\/20180921_120710-pdf-1.jpg\"><img loading=\"lazy\" decoding=\"async\" class=\"alignleft size-full wp-image-523\" alt=\"20180921_120710 pdf-1\" src=\"https:\/\/sindicatos.cgtp.pt\/feviccom\/wp-content\/blogs.dir\/53\/files\/sites\/53\/2018\/09\/20180921_120710-pdf-1.jpg\" width=\"2202\" height=\"1652\" \/><\/a><a href=\"https:\/\/sindicatos.cgtp.pt\/feviccom\/wp-content\/blogs.dir\/53\/files\/sites\/53\/2018\/09\/20180921_115551-pdf-1.jpg\"><img loading=\"lazy\" decoding=\"async\" class=\"alignleft size-full wp-image-524\" alt=\"20180921_115551 pdf-1\" src=\"https:\/\/sindicatos.cgtp.pt\/feviccom\/wp-content\/blogs.dir\/53\/files\/sites\/53\/2018\/09\/20180921_115551-pdf-1.jpg\" width=\"2202\" height=\"1652\" \/><\/a><\/p>\n<p>&nbsp;<\/p>\n","protected":false},"excerpt":{"rendered":"<p>A FEVICCOM participou na ac\u00e7\u00e3o de solidariedade convocada para hoje dia 21 de Setembro pelo Sindicato dos oper\u00e1rios corticeiros do norte\u00a0para com a oper\u00e1ria corticeira Cristina Tavares v\u00edtima de ass\u00e9dio moral pela sua entidade patronal Fernando Couto, Corti\u00e7as SA. Esta ac\u00e7\u00e3o de solidariedade que decorreu<\/p>\n","protected":false},"author":49,"featured_media":0,"comment_status":"closed","ping_status":"open","sticky":false,"template":"","format":"standard","meta":{"footnotes":""},"categories":[1],"tags":[],"class_list":["post-522","post","type-post","status-publish","format-standard","hentry","category-noticias"],"_links":{"self":[{"href":"https:\/\/sindicatos.cgtp.pt\/feviccom\/wp-json\/wp\/v2\/posts\/522","targetHints":{"allow":["GET"]}}],"collection":[{"href":"https:\/\/sindicatos.cgtp.pt\/feviccom\/wp-json\/wp\/v2\/posts"}],"about":[{"href":"https:\/\/sindicatos.cgtp.pt\/feviccom\/wp-json\/wp\/v2\/types\/post"}],"author":[{"embeddable":true,"href":"https:\/\/sindicatos.cgtp.pt\/feviccom\/wp-json\/wp\/v2\/users\/49"}],"replies":[{"embeddable":true,"href":"https:\/\/sindicatos.cgtp.pt\/feviccom\/wp-json\/wp\/v2\/comments?post=522"}],"version-history":[{"count":6,"href":"https:\/\/sindicatos.cgtp.pt\/feviccom\/wp-json\/wp\/v2\/posts\/522\/revisions"}],"predecessor-version":[{"id":531,"href":"https:\/\/sindicatos.cgtp.pt\/feviccom\/wp-json\/wp\/v2\/posts\/522\/revisions\/531"}],"wp:attachment":[{"href":"https:\/\/sindicatos.cgtp.pt\/feviccom\/wp-json\/wp\/v2\/media?parent=522"}],"wp:term":[{"taxonomy":"category","embeddable":true,"href":"https:\/\/sindicatos.cgtp.pt\/feviccom\/wp-json\/wp\/v2\/categories?post=522"},{"taxonomy":"post_tag","embeddable":true,"href":"https:\/\/sindicatos.cgtp.pt\/feviccom\/wp-json\/wp\/v2\/tags?post=522"}],"curies":[{"name":"wp","href":"https:\/\/api.w.org\/{rel}","templated":true}]}}