{"id":541,"date":"2018-09-28T17:17:52","date_gmt":"2018-09-28T17:17:52","guid":{"rendered":"http:\/\/sindicatos.cgtp.pt\/feviccom\/?p=541"},"modified":"2018-09-28T17:17:52","modified_gmt":"2018-09-28T17:17:52","slug":"reuniao-agendada-com-ministro-do-trabalho-11-de-outubro","status":"publish","type":"post","link":"https:\/\/sindicatos.cgtp.pt\/feviccom\/2018\/09\/28\/reuniao-agendada-com-ministro-do-trabalho-11-de-outubro\/","title":{"rendered":"Reuni\u00e3o agendada com Ministro do Trabalho &#8211; 11 de Outubro"},"content":{"rendered":"<h6><\/h6>\n<h6><\/h6>\n<h6><\/h6>\n<h6>Ap\u00f3s solicita\u00e7\u00e3o em 27 de Setembro pela CGTP-IN, com a Federa\u00e7\u00e3o e o Sindicato (SOCN) de uma reuni\u00e3o urgente ao Ministro do Trabalho, para debater a situa\u00e7\u00e3o da labora\u00e7\u00e3o cont\u00ednua e do despedimento colectivo na <strong>PIETEC &#8211; Corti\u00e7as <\/strong>e o<strong> ass\u00e9dio moral \u00e0 trabalhadora Cristina Tavares, da Fernando Couto &#8211; Corti\u00e7as.<\/strong><\/h6>\n<h6>Foi hoje confirmada pelo\u00a0Gabinete do Ministro do Trabalho a reuni\u00e3o solicitada <strong><span style=\"color: #222222;font-family: Arial\">para 11 de Outubro, \u00e0s 17h00, no Minist\u00e9rio do Trabalho<\/span><\/strong> (Pra\u00e7a de Londres, em Lisboa).<\/h6>\n<h6><a href=\"https:\/\/sindicatos.cgtp.pt\/feviccom\/wp-content\/blogs.dir\/53\/files\/sites\/53\/2018\/09\/cristina-corti\u00e7as.jpg\"><img loading=\"lazy\" decoding=\"async\" class=\"alignleft size-full wp-image-543\" alt=\"cristina corti\u00e7as\" src=\"https:\/\/sindicatos.cgtp.pt\/feviccom\/wp-content\/blogs.dir\/53\/files\/sites\/53\/2018\/09\/cristina-corti\u00e7as.jpg\" width=\"744\" height=\"495\" \/><\/a><a href=\"https:\/\/sindicatos.cgtp.pt\/feviccom\/wp-content\/blogs.dir\/53\/files\/sites\/53\/2018\/09\/foto-pietec.jpg\"><img loading=\"lazy\" decoding=\"async\" class=\"alignleft size-full wp-image-542\" alt=\"foto pietec\" src=\"https:\/\/sindicatos.cgtp.pt\/feviccom\/wp-content\/blogs.dir\/53\/files\/sites\/53\/2018\/09\/foto-pietec.jpg\" width=\"2048\" height=\"1536\" \/><\/a><\/h6>\n<h6><\/h6>\n<p>&nbsp;<\/p>\n<p>&nbsp;<\/p>\n<p>&nbsp;<\/p>\n","protected":false},"excerpt":{"rendered":"<p>Ap\u00f3s solicita\u00e7\u00e3o em 27 de Setembro pela CGTP-IN, com a Federa\u00e7\u00e3o e o Sindicato (SOCN) de uma reuni\u00e3o urgente ao Ministro do Trabalho, para debater a situa\u00e7\u00e3o da labora\u00e7\u00e3o cont\u00ednua e do despedimento colectivo na PIETEC &#8211; Corti\u00e7as e o ass\u00e9dio moral \u00e0 trabalhadora Cristina<\/p>\n","protected":false},"author":49,"featured_media":0,"comment_status":"closed","ping_status":"open","sticky":false,"template":"","format":"standard","meta":{"footnotes":""},"categories":[1],"tags":[],"class_list":["post-541","post","type-post","status-publish","format-standard","hentry","category-noticias"],"_links":{"self":[{"href":"https:\/\/sindicatos.cgtp.pt\/feviccom\/wp-json\/wp\/v2\/posts\/541","targetHints":{"allow":["GET"]}}],"collection":[{"href":"https:\/\/sindicatos.cgtp.pt\/feviccom\/wp-json\/wp\/v2\/posts"}],"about":[{"href":"https:\/\/sindicatos.cgtp.pt\/feviccom\/wp-json\/wp\/v2\/types\/post"}],"author":[{"embeddable":true,"href":"https:\/\/sindicatos.cgtp.pt\/feviccom\/wp-json\/wp\/v2\/users\/49"}],"replies":[{"embeddable":true,"href":"https:\/\/sindicatos.cgtp.pt\/feviccom\/wp-json\/wp\/v2\/comments?post=541"}],"version-history":[{"count":2,"href":"https:\/\/sindicatos.cgtp.pt\/feviccom\/wp-json\/wp\/v2\/posts\/541\/revisions"}],"predecessor-version":[{"id":545,"href":"https:\/\/sindicatos.cgtp.pt\/feviccom\/wp-json\/wp\/v2\/posts\/541\/revisions\/545"}],"wp:attachment":[{"href":"https:\/\/sindicatos.cgtp.pt\/feviccom\/wp-json\/wp\/v2\/media?parent=541"}],"wp:term":[{"taxonomy":"category","embeddable":true,"href":"https:\/\/sindicatos.cgtp.pt\/feviccom\/wp-json\/wp\/v2\/categories?post=541"},{"taxonomy":"post_tag","embeddable":true,"href":"https:\/\/sindicatos.cgtp.pt\/feviccom\/wp-json\/wp\/v2\/tags?post=541"}],"curies":[{"name":"wp","href":"https:\/\/api.w.org\/{rel}","templated":true}]}}