{"id":818,"date":"2019-05-06T10:20:05","date_gmt":"2019-05-06T10:20:05","guid":{"rendered":"http:\/\/sindicatos.cgtp.pt\/feviccom\/?p=818"},"modified":"2019-05-06T10:34:32","modified_gmt":"2019-05-06T10:34:32","slug":"6-de-maio-o-assedio-no-local-de-trabalho-faculdade-de-direito-18h","status":"publish","type":"post","link":"https:\/\/sindicatos.cgtp.pt\/feviccom\/2019\/05\/06\/6-de-maio-o-assedio-no-local-de-trabalho-faculdade-de-direito-18h\/","title":{"rendered":"6 de Maio &#8211; O ASS\u00c9DIO NO LOCAL DE TRABALHO &#8211; Faculdade de Direito de Lisboa &#8211; 18h"},"content":{"rendered":"<p><strong>A FEVICCOM convida \u00e0 participa\u00e7\u00e3o de todos os Trabalhadores\/as, Sindicatos, Advogados e Ju\u00edzes no debate promovido pela Associa\u00e7\u00e3o Portuguesa de Juristas Democratas (APJD) em articula\u00e7\u00e3o com a CGTP-IN, no <span style=\"text-decoration: underline\">dia 6 de Maio, na Faculdade de Direito de Lisboa<\/span> sobre o \u201cass\u00e9dio no local de trabalho \u2013 o caso particular da oper\u00e1ria corticeira Cristina Tavares\u201d.<\/strong><\/p>\n<p><strong>A iniciativa, aberta \u00e0 participa\u00e7\u00e3o de professores e alunos da Faculdade, <span style=\"text-decoration: underline\">realiza-se \u00e0s 18H00, na sala 12.06<\/span>\u00a0e contar\u00e1 com as interven\u00e7\u00f5es do Prof. Dr. Jo\u00e3o Zenha Martins (UNL); Dr. Filipe Soares Pereira (advogado do Sindicato dos Corticeiros); Cristina Tavares; Arm\u00e9nio Carlos (Secret\u00e1rio-Geral da CGTP-IN) e o Dr. Ant\u00f3nio Cola\u00e7o (Juiz conselheiro jubilado STJ).<\/strong><\/p>\n<p><a href=\"https:\/\/sindicatos.cgtp.pt\/feviccom\/wp-content\/blogs.dir\/53\/files\/sites\/53\/2019\/05\/58625956_1811681432311561_1660751462658998272_o.jpg\"><img loading=\"lazy\" decoding=\"async\" class=\"alignleft size-full wp-image-819\" alt=\"58625956_1811681432311561_1660751462658998272_o\" src=\"https:\/\/sindicatos.cgtp.pt\/feviccom\/wp-content\/blogs.dir\/53\/files\/sites\/53\/2019\/05\/58625956_1811681432311561_1660751462658998272_o.jpg\" width=\"1241\" height=\"1754\" \/><\/a><\/p>\n","protected":false},"excerpt":{"rendered":"<p>A FEVICCOM convida \u00e0 participa\u00e7\u00e3o de todos os Trabalhadores\/as, Sindicatos, Advogados e Ju\u00edzes no debate promovido pela Associa\u00e7\u00e3o Portuguesa de Juristas Democratas (APJD) em articula\u00e7\u00e3o com a CGTP-IN, no dia 6 de Maio, na Faculdade de Direito de Lisboa sobre o \u201cass\u00e9dio no local de<\/p>\n","protected":false},"author":49,"featured_media":0,"comment_status":"closed","ping_status":"open","sticky":false,"template":"","format":"standard","meta":{"footnotes":""},"categories":[1],"tags":[],"class_list":["post-818","post","type-post","status-publish","format-standard","hentry","category-noticias"],"_links":{"self":[{"href":"https:\/\/sindicatos.cgtp.pt\/feviccom\/wp-json\/wp\/v2\/posts\/818","targetHints":{"allow":["GET"]}}],"collection":[{"href":"https:\/\/sindicatos.cgtp.pt\/feviccom\/wp-json\/wp\/v2\/posts"}],"about":[{"href":"https:\/\/sindicatos.cgtp.pt\/feviccom\/wp-json\/wp\/v2\/types\/post"}],"author":[{"embeddable":true,"href":"https:\/\/sindicatos.cgtp.pt\/feviccom\/wp-json\/wp\/v2\/users\/49"}],"replies":[{"embeddable":true,"href":"https:\/\/sindicatos.cgtp.pt\/feviccom\/wp-json\/wp\/v2\/comments?post=818"}],"version-history":[{"count":5,"href":"https:\/\/sindicatos.cgtp.pt\/feviccom\/wp-json\/wp\/v2\/posts\/818\/revisions"}],"predecessor-version":[{"id":824,"href":"https:\/\/sindicatos.cgtp.pt\/feviccom\/wp-json\/wp\/v2\/posts\/818\/revisions\/824"}],"wp:attachment":[{"href":"https:\/\/sindicatos.cgtp.pt\/feviccom\/wp-json\/wp\/v2\/media?parent=818"}],"wp:term":[{"taxonomy":"category","embeddable":true,"href":"https:\/\/sindicatos.cgtp.pt\/feviccom\/wp-json\/wp\/v2\/categories?post=818"},{"taxonomy":"post_tag","embeddable":true,"href":"https:\/\/sindicatos.cgtp.pt\/feviccom\/wp-json\/wp\/v2\/tags?post=818"}],"curies":[{"name":"wp","href":"https:\/\/api.w.org\/{rel}","templated":true}]}}