{"id":875,"date":"2019-07-09T09:53:02","date_gmt":"2019-07-09T09:53:02","guid":{"rendered":"http:\/\/sindicatos.cgtp.pt\/feviccom\/?p=875"},"modified":"2019-07-09T09:53:02","modified_gmt":"2019-07-09T09:53:02","slug":"a-pobreza-de-568-centimos-por-dia-no-pais-que-e-o-maior-produtor-mundial-de-cortica-nota-de-imprensa","status":"publish","type":"post","link":"https:\/\/sindicatos.cgtp.pt\/feviccom\/2019\/07\/09\/a-pobreza-de-568-centimos-por-dia-no-pais-que-e-o-maior-produtor-mundial-de-cortica-nota-de-imprensa\/","title":{"rendered":"A pobreza de 56,8 c\u00eantimos por dia no pa\u00eds que \u00e9 o maior produtor mundial de Corti\u00e7a-Nota de Imprensa"},"content":{"rendered":"<p><a href=\"https:\/\/sindicatos.cgtp.pt\/feviccom\/wp-content\/blogs.dir\/53\/files\/sites\/53\/2019\/07\/Nota-de-imprensa_A-pobreza-dos-568-c\u00eantimos-por-dia-na-Corti\u00e7a_09.07.20191_1.jpeg\"><img loading=\"lazy\" decoding=\"async\" class=\"alignleft size-full wp-image-876\" alt=\"Nota de imprensa_A pobreza dos 56,8 c\u00eantimos por dia na Corti\u00e7a_09.07.2019(1)_1\" src=\"https:\/\/sindicatos.cgtp.pt\/feviccom\/wp-content\/blogs.dir\/53\/files\/sites\/53\/2019\/07\/Nota-de-imprensa_A-pobreza-dos-568-c\u00eantimos-por-dia-na-Corti\u00e7a_09.07.20191_1.jpeg\" width=\"1080\" height=\"1527\" \/><\/a><\/p>\n","protected":false},"excerpt":{"rendered":"","protected":false},"author":49,"featured_media":0,"comment_status":"closed","ping_status":"open","sticky":false,"template":"","format":"standard","meta":{"footnotes":""},"categories":[1],"tags":[],"class_list":["post-875","post","type-post","status-publish","format-standard","hentry","category-noticias"],"_links":{"self":[{"href":"https:\/\/sindicatos.cgtp.pt\/feviccom\/wp-json\/wp\/v2\/posts\/875","targetHints":{"allow":["GET"]}}],"collection":[{"href":"https:\/\/sindicatos.cgtp.pt\/feviccom\/wp-json\/wp\/v2\/posts"}],"about":[{"href":"https:\/\/sindicatos.cgtp.pt\/feviccom\/wp-json\/wp\/v2\/types\/post"}],"author":[{"embeddable":true,"href":"https:\/\/sindicatos.cgtp.pt\/feviccom\/wp-json\/wp\/v2\/users\/49"}],"replies":[{"embeddable":true,"href":"https:\/\/sindicatos.cgtp.pt\/feviccom\/wp-json\/wp\/v2\/comments?post=875"}],"version-history":[{"count":1,"href":"https:\/\/sindicatos.cgtp.pt\/feviccom\/wp-json\/wp\/v2\/posts\/875\/revisions"}],"predecessor-version":[{"id":877,"href":"https:\/\/sindicatos.cgtp.pt\/feviccom\/wp-json\/wp\/v2\/posts\/875\/revisions\/877"}],"wp:attachment":[{"href":"https:\/\/sindicatos.cgtp.pt\/feviccom\/wp-json\/wp\/v2\/media?parent=875"}],"wp:term":[{"taxonomy":"category","embeddable":true,"href":"https:\/\/sindicatos.cgtp.pt\/feviccom\/wp-json\/wp\/v2\/categories?post=875"},{"taxonomy":"post_tag","embeddable":true,"href":"https:\/\/sindicatos.cgtp.pt\/feviccom\/wp-json\/wp\/v2\/tags?post=875"}],"curies":[{"name":"wp","href":"https:\/\/api.w.org\/{rel}","templated":true}]}}