{"id":1184,"date":"2025-11-04T13:04:42","date_gmt":"2025-11-04T13:04:42","guid":{"rendered":"https:\/\/sindicatos.cgtp.pt\/hotelaria-sul\/?p=1184"},"modified":"2025-11-04T13:06:44","modified_gmt":"2025-11-04T13:06:44","slug":"marcha-nacional-contra-pacote-laboral-todos-a-lisboa-8-de-novembro-2025","status":"publish","type":"post","link":"https:\/\/sindicatos.cgtp.pt\/hotelaria-sul\/2025\/11\/04\/marcha-nacional-contra-pacote-laboral-todos-a-lisboa-8-de-novembro-2025\/","title":{"rendered":"Marcha Nacional Contra Pacote Laboral | Todos a Lisboa! | 8 de Novembro 2025"},"content":{"rendered":"\n<figure class=\"wp-block-image size-full is-resized\"><img loading=\"lazy\" decoding=\"async\" width=\"656\" height=\"170\" src=\"https:\/\/sindicatos.cgtp.pt\/hotelaria-sul\/wp-content\/blogs.dir\/54\/files\/sites\/54\/2025\/11\/8-marco.png\" alt=\"\" class=\"wp-image-1185\" style=\"width:840px;height:auto\" srcset=\"https:\/\/sindicatos.cgtp.pt\/hotelaria-sul\/wp-content\/blogs.dir\/54\/files\/sites\/54\/2025\/11\/8-marco.png 656w, https:\/\/sindicatos.cgtp.pt\/hotelaria-sul\/wp-content\/blogs.dir\/54\/files\/sites\/54\/2025\/11\/8-marco-240x62.png 240w\" sizes=\"auto, (max-width: 656px) 100vw, 656px\" \/><\/figure>\n\n\n\n<div data-wp-interactive=\"core\/file\" class=\"wp-block-file\"><object data-wp-bind--hidden=\"!state.hasPdfPreview\" hidden class=\"wp-block-file__embed\" data=\"https:\/\/sindicatos.cgtp.pt\/hotelaria-sul\/wp-content\/blogs.dir\/54\/files\/sites\/54\/2025\/11\/PRE-AVISO-DE-GREVE-08-11-2025.pdf\" type=\"application\/pdf\" style=\"width:100%;height:600px\" aria-label=\"Incorpora\u00e7\u00e3o de PR\u00c9-AVISO DE GREVE - 08-11-2025.\"><\/object><a id=\"wp-block-file--media-f9c0d8f6-d97f-41e9-9028-b58afb1980c0\" href=\"https:\/\/sindicatos.cgtp.pt\/hotelaria-sul\/wp-content\/blogs.dir\/54\/files\/sites\/54\/2025\/11\/PRE-AVISO-DE-GREVE-08-11-2025.pdf\">PR\u00c9-AVISO DE GREVE &#8211; 08-11-2025<\/a><a href=\"https:\/\/sindicatos.cgtp.pt\/hotelaria-sul\/wp-content\/blogs.dir\/54\/files\/sites\/54\/2025\/11\/PRE-AVISO-DE-GREVE-08-11-2025.pdf\" class=\"wp-block-file__button wp-element-button\" download aria-describedby=\"wp-block-file--media-f9c0d8f6-d97f-41e9-9028-b58afb1980c0\">Descarregar<\/a><\/div>\n","protected":false},"excerpt":{"rendered":"","protected":false},"author":59,"featured_media":0,"comment_status":"closed","ping_status":"open","sticky":false,"template":"","format":"standard","meta":{"footnotes":""},"categories":[2,1],"tags":[],"class_list":["post-1184","post","type-post","status-publish","format-standard","hentry","category-destaques","category-informacao"],"_links":{"self":[{"href":"https:\/\/sindicatos.cgtp.pt\/hotelaria-sul\/wp-json\/wp\/v2\/posts\/1184","targetHints":{"allow":["GET"]}}],"collection":[{"href":"https:\/\/sindicatos.cgtp.pt\/hotelaria-sul\/wp-json\/wp\/v2\/posts"}],"about":[{"href":"https:\/\/sindicatos.cgtp.pt\/hotelaria-sul\/wp-json\/wp\/v2\/types\/post"}],"author":[{"embeddable":true,"href":"https:\/\/sindicatos.cgtp.pt\/hotelaria-sul\/wp-json\/wp\/v2\/users\/59"}],"replies":[{"embeddable":true,"href":"https:\/\/sindicatos.cgtp.pt\/hotelaria-sul\/wp-json\/wp\/v2\/comments?post=1184"}],"version-history":[{"count":1,"href":"https:\/\/sindicatos.cgtp.pt\/hotelaria-sul\/wp-json\/wp\/v2\/posts\/1184\/revisions"}],"predecessor-version":[{"id":1187,"href":"https:\/\/sindicatos.cgtp.pt\/hotelaria-sul\/wp-json\/wp\/v2\/posts\/1184\/revisions\/1187"}],"wp:attachment":[{"href":"https:\/\/sindicatos.cgtp.pt\/hotelaria-sul\/wp-json\/wp\/v2\/media?parent=1184"}],"wp:term":[{"taxonomy":"category","embeddable":true,"href":"https:\/\/sindicatos.cgtp.pt\/hotelaria-sul\/wp-json\/wp\/v2\/categories?post=1184"},{"taxonomy":"post_tag","embeddable":true,"href":"https:\/\/sindicatos.cgtp.pt\/hotelaria-sul\/wp-json\/wp\/v2\/tags?post=1184"}],"curies":[{"name":"wp","href":"https:\/\/api.w.org\/{rel}","templated":true}]}}