{"id":1189,"date":"2025-11-19T16:54:39","date_gmt":"2025-11-19T16:54:39","guid":{"rendered":"https:\/\/sindicatos.cgtp.pt\/hotelaria-sul\/?p=1189"},"modified":"2025-11-20T10:58:54","modified_gmt":"2025-11-20T10:58:54","slug":"concentracao-no-hotel-ibis-de-alfragide-para-exigir-o-cumprimento-do-cct-dos-hoteis-centro-sul-e-o-fim-da-perseguicao-patronal","status":"publish","type":"post","link":"https:\/\/sindicatos.cgtp.pt\/hotelaria-sul\/2025\/11\/19\/concentracao-no-hotel-ibis-de-alfragide-para-exigir-o-cumprimento-do-cct-dos-hoteis-centro-sul-e-o-fim-da-perseguicao-patronal\/","title":{"rendered":"CONCENTRA\u00c7\u00c3O NO HOTEL IBIS DE ALFRAGIDE PARA EXIGIR O CUMPRIMENTO DO CCT DOS HOT\u00c9IS CENTRO-SUL E O FIM DA PERSEGUI\u00c7\u00c3O PATRONAL!"},"content":{"rendered":"\n<p>Realizou-se esta ter\u00e7a-feira, 18 de novembro, um plen\u00e1rio e uma concentra\u00e7\u00e3o de trabalhadores do Hotel Ibis de Alfragide, unidade hoteleira pertencente ao grupo AccorHotels, para exigir o cumprimento do Contrato Colectivo de Trabalho (CCT) dos Hot\u00e9is Centro-Sul, assinado entre a Associa\u00e7\u00e3o dos Hot\u00e9is de Portugal e a FESAHT.<\/p>\n\n\n\n<p>Tal como ocorre noutras unidades do mesmo grupo, n\u00e3o est\u00e3o a ser respeitadas as categorias profissionais nem as respectivas tarefas funcionais, pretendendo a empresa que os trabalhadores desempenhem fun\u00e7\u00f5es indiferenciadas, num claro desrespeito pela forma\u00e7\u00e3o, especializa\u00e7\u00e3o e dignidade profissional, violando o CCT.<br>Os hor\u00e1rios de trabalho tamb\u00e9m n\u00e3o respeitam o princ\u00edpio dos cinco dias de trabalho seguidos de dois dias de descanso, dificultando a concilia\u00e7\u00e3o da vida profissional com a vida pessoal e familiar. Al\u00e9m disso, o pagamento do trabalho prestado em dia feriado n\u00e3o est\u00e1 a ser efectuado com o acr\u00e9scimo de 200% previsto no CCT.<\/p>\n\n\n\n<p>Nas \u00faltimas semanas, os trabalhadores com a categoria de recepcionista de hotel t\u00eam-se recusado a cumprir tarefas e escalas permanentes no bar e no restaurante \u2014 fun\u00e7\u00f5es que n\u00e3o correspondem \u00e0 sua categoria profissional. Perante esta justa recusa, a direc\u00e7\u00e3o do hotel tem adoptado comportamentos que configuram persegui\u00e7\u00e3o patronal, aplicando sucessivas advert\u00eancias disciplinares a estes trabalhadores.<\/p>\n\n\n\n<p>Na concentra\u00e7\u00e3o realizada, para al\u00e9m da exig\u00eancia do cumprimento do CCT, foi tamb\u00e9m reivindicada a sua revis\u00e3o, pondo fim ao bloqueio da negocia\u00e7\u00e3o colectiva praticado pela AHP desde 2009.<\/p>\n\n\n\n<p>O Sindicato da Hotelaria do Sul j\u00e1 denunciou esta situa\u00e7\u00e3o \u00e0 Autoridade para as Condi\u00e7\u00f5es do Trabalho (ACT), que entretanto realizou uma ac\u00e7\u00e3o inspectiva na unidade hoteleira. O Sindicato ir\u00e1 igualmente solicitar uma nova reuni\u00e3o para preven\u00e7\u00e3o de conflitos na DGERT\/Minist\u00e9rio do Trabalho.<\/p>\n\n\n\n<figure class=\"wp-block-gallery has-nested-images columns-default is-cropped wp-block-gallery-1 is-layout-flex wp-block-gallery-is-layout-flex\">\n<figure class=\"wp-block-image size-large\"><img loading=\"lazy\" decoding=\"async\" width=\"800\" height=\"406\" data-id=\"1194\" src=\"https:\/\/sindicatos.cgtp.pt\/hotelaria-sul\/wp-content\/blogs.dir\/54\/files\/sites\/54\/2025\/11\/baptista-1-1-800x406.jpg\" alt=\"\" class=\"wp-image-1194\" srcset=\"https:\/\/sindicatos.cgtp.pt\/hotelaria-sul\/wp-content\/blogs.dir\/54\/files\/sites\/54\/2025\/11\/baptista-1-1-800x406.jpg 800w, https:\/\/sindicatos.cgtp.pt\/hotelaria-sul\/wp-content\/blogs.dir\/54\/files\/sites\/54\/2025\/11\/baptista-1-1-240x122.jpg 240w, https:\/\/sindicatos.cgtp.pt\/hotelaria-sul\/wp-content\/blogs.dir\/54\/files\/sites\/54\/2025\/11\/baptista-1-1-768x390.jpg 768w, https:\/\/sindicatos.cgtp.pt\/hotelaria-sul\/wp-content\/blogs.dir\/54\/files\/sites\/54\/2025\/11\/baptista-1-1.jpg 952w\" sizes=\"auto, (max-width: 800px) 100vw, 800px\" \/><\/figure>\n<\/figure>\n","protected":false},"excerpt":{"rendered":"<p>Realizou-se esta ter\u00e7a-feira, 18 de novembro, um plen\u00e1rio e uma concentra\u00e7\u00e3o de trabalhadores do Hotel Ibis de Alfragide, unidade hoteleira pertencente ao grupo AccorHotels, para exigir o cumprimento do Contrato Colectivo de Trabalho (CCT) dos Hot\u00e9is Centro-Sul, assinado entre a Associa\u00e7\u00e3o dos Hot\u00e9is de Portugal<\/p>\n","protected":false},"author":59,"featured_media":0,"comment_status":"closed","ping_status":"open","sticky":false,"template":"","format":"standard","meta":{"footnotes":""},"categories":[1],"tags":[],"class_list":["post-1189","post","type-post","status-publish","format-standard","hentry","category-informacao"],"_links":{"self":[{"href":"https:\/\/sindicatos.cgtp.pt\/hotelaria-sul\/wp-json\/wp\/v2\/posts\/1189","targetHints":{"allow":["GET"]}}],"collection":[{"href":"https:\/\/sindicatos.cgtp.pt\/hotelaria-sul\/wp-json\/wp\/v2\/posts"}],"about":[{"href":"https:\/\/sindicatos.cgtp.pt\/hotelaria-sul\/wp-json\/wp\/v2\/types\/post"}],"author":[{"embeddable":true,"href":"https:\/\/sindicatos.cgtp.pt\/hotelaria-sul\/wp-json\/wp\/v2\/users\/59"}],"replies":[{"embeddable":true,"href":"https:\/\/sindicatos.cgtp.pt\/hotelaria-sul\/wp-json\/wp\/v2\/comments?post=1189"}],"version-history":[{"count":2,"href":"https:\/\/sindicatos.cgtp.pt\/hotelaria-sul\/wp-json\/wp\/v2\/posts\/1189\/revisions"}],"predecessor-version":[{"id":1198,"href":"https:\/\/sindicatos.cgtp.pt\/hotelaria-sul\/wp-json\/wp\/v2\/posts\/1189\/revisions\/1198"}],"wp:attachment":[{"href":"https:\/\/sindicatos.cgtp.pt\/hotelaria-sul\/wp-json\/wp\/v2\/media?parent=1189"}],"wp:term":[{"taxonomy":"category","embeddable":true,"href":"https:\/\/sindicatos.cgtp.pt\/hotelaria-sul\/wp-json\/wp\/v2\/categories?post=1189"},{"taxonomy":"post_tag","embeddable":true,"href":"https:\/\/sindicatos.cgtp.pt\/hotelaria-sul\/wp-json\/wp\/v2\/tags?post=1189"}],"curies":[{"name":"wp","href":"https:\/\/api.w.org\/{rel}","templated":true}]}}