{"id":1270,"date":"2026-01-15T17:14:57","date_gmt":"2026-01-15T17:14:57","guid":{"rendered":"https:\/\/sindicatos.cgtp.pt\/hotelaria-sul\/?p=1270"},"modified":"2026-01-15T17:15:29","modified_gmt":"2026-01-15T17:15:29","slug":"ii-encontro-nacional-dos-trabalhadores-das-ipss-e-do-setor-social","status":"publish","type":"post","link":"https:\/\/sindicatos.cgtp.pt\/hotelaria-sul\/2026\/01\/15\/ii-encontro-nacional-dos-trabalhadores-das-ipss-e-do-setor-social\/","title":{"rendered":"II Encontro Nacional dos Trabalhadores das IPSS e do Setor Social"},"content":{"rendered":"\n<p>Realizou-se hoje, no audit\u00f3rio do Instituto Portugu\u00eas do Desporto e da Juventude, em Coimbra, o segundo Encontro Nacional dos Trabalhadores das IPSS e do Setor Social, sob o lema \u00abDireitos laborais para trabalhadores essenciais\u00bb.<\/p>\n\n\n\n<p>Mais de uma centena de dirigentes, delegados e ativistas sindicais destes setores reuniram-se para discutir e debater as condi\u00e7\u00f5es de trabalho, a proposta de revis\u00e3o do CCT das IPSS para 2026, a necessidade de melhores condi\u00e7\u00f5es laborais e uma verdadeira valoriza\u00e7\u00e3o salarial.<\/p>\n\n\n\n<p>O Sindicato de Hotelaria do Sul esteve representado por uma delega\u00e7\u00e3o de dirigentes, delegados e ativistas sindicais do setor. Em nome do Sindicato, interveio a delegada sindical Marta Santos, trabalhadora da Associa\u00e7\u00e3o Luiz Pereira Motta.<br><\/p>\n\n\n\n<figure class=\"wp-block-image size-large\"><img loading=\"lazy\" decoding=\"async\" width=\"800\" height=\"600\" src=\"https:\/\/sindicatos.cgtp.pt\/hotelaria-sul\/wp-content\/blogs.dir\/54\/files\/sites\/54\/2026\/01\/1000026588-800x600.jpg\" alt=\"\" class=\"wp-image-1275\" srcset=\"https:\/\/sindicatos.cgtp.pt\/hotelaria-sul\/wp-content\/blogs.dir\/54\/files\/sites\/54\/2026\/01\/1000026588-800x600.jpg 800w, https:\/\/sindicatos.cgtp.pt\/hotelaria-sul\/wp-content\/blogs.dir\/54\/files\/sites\/54\/2026\/01\/1000026588-240x180.jpg 240w, https:\/\/sindicatos.cgtp.pt\/hotelaria-sul\/wp-content\/blogs.dir\/54\/files\/sites\/54\/2026\/01\/1000026588-768x576.jpg 768w, https:\/\/sindicatos.cgtp.pt\/hotelaria-sul\/wp-content\/blogs.dir\/54\/files\/sites\/54\/2026\/01\/1000026588-1536x1152.jpg 1536w, https:\/\/sindicatos.cgtp.pt\/hotelaria-sul\/wp-content\/blogs.dir\/54\/files\/sites\/54\/2026\/01\/1000026588-2048x1536.jpg 2048w, https:\/\/sindicatos.cgtp.pt\/hotelaria-sul\/wp-content\/blogs.dir\/54\/files\/sites\/54\/2026\/01\/1000026588-160x120.jpg 160w\" sizes=\"auto, (max-width: 800px) 100vw, 800px\" \/><\/figure>\n","protected":false},"excerpt":{"rendered":"<p>Realizou-se hoje, no audit\u00f3rio do Instituto Portugu\u00eas do Desporto e da Juventude, em Coimbra, o segundo Encontro Nacional dos Trabalhadores das IPSS e do Setor Social, sob o lema \u00abDireitos laborais para trabalhadores essenciais\u00bb. Mais de uma centena de dirigentes, delegados e ativistas sindicais destes<\/p>\n","protected":false},"author":59,"featured_media":0,"comment_status":"closed","ping_status":"open","sticky":false,"template":"","format":"standard","meta":{"footnotes":""},"categories":[1],"tags":[],"class_list":["post-1270","post","type-post","status-publish","format-standard","hentry","category-informacao"],"_links":{"self":[{"href":"https:\/\/sindicatos.cgtp.pt\/hotelaria-sul\/wp-json\/wp\/v2\/posts\/1270","targetHints":{"allow":["GET"]}}],"collection":[{"href":"https:\/\/sindicatos.cgtp.pt\/hotelaria-sul\/wp-json\/wp\/v2\/posts"}],"about":[{"href":"https:\/\/sindicatos.cgtp.pt\/hotelaria-sul\/wp-json\/wp\/v2\/types\/post"}],"author":[{"embeddable":true,"href":"https:\/\/sindicatos.cgtp.pt\/hotelaria-sul\/wp-json\/wp\/v2\/users\/59"}],"replies":[{"embeddable":true,"href":"https:\/\/sindicatos.cgtp.pt\/hotelaria-sul\/wp-json\/wp\/v2\/comments?post=1270"}],"version-history":[{"count":1,"href":"https:\/\/sindicatos.cgtp.pt\/hotelaria-sul\/wp-json\/wp\/v2\/posts\/1270\/revisions"}],"predecessor-version":[{"id":1276,"href":"https:\/\/sindicatos.cgtp.pt\/hotelaria-sul\/wp-json\/wp\/v2\/posts\/1270\/revisions\/1276"}],"wp:attachment":[{"href":"https:\/\/sindicatos.cgtp.pt\/hotelaria-sul\/wp-json\/wp\/v2\/media?parent=1270"}],"wp:term":[{"taxonomy":"category","embeddable":true,"href":"https:\/\/sindicatos.cgtp.pt\/hotelaria-sul\/wp-json\/wp\/v2\/categories?post=1270"},{"taxonomy":"post_tag","embeddable":true,"href":"https:\/\/sindicatos.cgtp.pt\/hotelaria-sul\/wp-json\/wp\/v2\/tags?post=1270"}],"curies":[{"name":"wp","href":"https:\/\/api.w.org\/{rel}","templated":true}]}}