{"id":1320,"date":"2026-03-04T10:02:50","date_gmt":"2026-03-04T10:02:50","guid":{"rendered":"https:\/\/sindicatos.cgtp.pt\/hotelaria-sul\/?p=1320"},"modified":"2026-03-04T10:03:33","modified_gmt":"2026-03-04T10:03:33","slug":"plenarios-e-contactos-no-such-na-semana-da-igualdade-da-cgtp-in-e-nas-comemoracoes-do-dia-internacional-da-mulher-trabalhadora","status":"publish","type":"post","link":"https:\/\/sindicatos.cgtp.pt\/hotelaria-sul\/2026\/03\/04\/plenarios-e-contactos-no-such-na-semana-da-igualdade-da-cgtp-in-e-nas-comemoracoes-do-dia-internacional-da-mulher-trabalhadora\/","title":{"rendered":"Plen\u00e1rios e contactos no SUCH na Semana da Igualdade da CGTP-IN e nas Comemora\u00e7\u00f5es do Dia Internacional da Mulher Trabalhadora!\u00a0"},"content":{"rendered":"\n<p>No \u00e2mbito da Semana da Igualdade e das Comemora\u00e7\u00f5es do Dia Internacional da Mulher Trabalhadora, sob o lema \u00abA igualdade que Abril abriu! | Refor\u00e7ar direitos \u2014 Cumprir a Constitui\u00e7\u00e3o!\u00bb, realizaram-se esta ter\u00e7a-feira (03\/03) plen\u00e1rios e contactos com os trabalhadores do SUCH dos Hospitais Fernando Fonseca, na Amadora, e de Santa Cruz, em Carnaxide. Ao longo de toda a semana, seguem-se dezenas de plen\u00e1rios, visitas e contactos com as mulheres trabalhadoras da hotelaria, restaura\u00e7\u00e3o e turismo.<\/p>\n\n\n\n<figure class=\"wp-block-image size-large\"><img loading=\"lazy\" decoding=\"async\" width=\"800\" height=\"600\" src=\"https:\/\/sindicatos.cgtp.pt\/hotelaria-sul\/wp-content\/blogs.dir\/54\/files\/sites\/54\/2026\/03\/baptista-dia-da-mulher-800x600.jpg\" alt=\"\" class=\"wp-image-1321\" srcset=\"https:\/\/sindicatos.cgtp.pt\/hotelaria-sul\/wp-content\/blogs.dir\/54\/files\/sites\/54\/2026\/03\/baptista-dia-da-mulher-800x600.jpg 800w, https:\/\/sindicatos.cgtp.pt\/hotelaria-sul\/wp-content\/blogs.dir\/54\/files\/sites\/54\/2026\/03\/baptista-dia-da-mulher-240x180.jpg 240w, https:\/\/sindicatos.cgtp.pt\/hotelaria-sul\/wp-content\/blogs.dir\/54\/files\/sites\/54\/2026\/03\/baptista-dia-da-mulher-768x576.jpg 768w, https:\/\/sindicatos.cgtp.pt\/hotelaria-sul\/wp-content\/blogs.dir\/54\/files\/sites\/54\/2026\/03\/baptista-dia-da-mulher-1536x1152.jpg 1536w, https:\/\/sindicatos.cgtp.pt\/hotelaria-sul\/wp-content\/blogs.dir\/54\/files\/sites\/54\/2026\/03\/baptista-dia-da-mulher-160x120.jpg 160w, https:\/\/sindicatos.cgtp.pt\/hotelaria-sul\/wp-content\/blogs.dir\/54\/files\/sites\/54\/2026\/03\/baptista-dia-da-mulher.jpg 1600w\" sizes=\"auto, (max-width: 800px) 100vw, 800px\" \/><\/figure>\n","protected":false},"excerpt":{"rendered":"<p>No \u00e2mbito da Semana da Igualdade e das Comemora\u00e7\u00f5es do Dia Internacional da Mulher Trabalhadora, sob o lema \u00abA igualdade que Abril abriu! | Refor\u00e7ar direitos \u2014 Cumprir a Constitui\u00e7\u00e3o!\u00bb, realizaram-se esta ter\u00e7a-feira (03\/03) plen\u00e1rios e contactos com os trabalhadores do SUCH dos Hospitais Fernando<\/p>\n","protected":false},"author":59,"featured_media":0,"comment_status":"closed","ping_status":"open","sticky":false,"template":"","format":"standard","meta":{"footnotes":""},"categories":[1],"tags":[],"class_list":["post-1320","post","type-post","status-publish","format-standard","hentry","category-informacao"],"_links":{"self":[{"href":"https:\/\/sindicatos.cgtp.pt\/hotelaria-sul\/wp-json\/wp\/v2\/posts\/1320","targetHints":{"allow":["GET"]}}],"collection":[{"href":"https:\/\/sindicatos.cgtp.pt\/hotelaria-sul\/wp-json\/wp\/v2\/posts"}],"about":[{"href":"https:\/\/sindicatos.cgtp.pt\/hotelaria-sul\/wp-json\/wp\/v2\/types\/post"}],"author":[{"embeddable":true,"href":"https:\/\/sindicatos.cgtp.pt\/hotelaria-sul\/wp-json\/wp\/v2\/users\/59"}],"replies":[{"embeddable":true,"href":"https:\/\/sindicatos.cgtp.pt\/hotelaria-sul\/wp-json\/wp\/v2\/comments?post=1320"}],"version-history":[{"count":1,"href":"https:\/\/sindicatos.cgtp.pt\/hotelaria-sul\/wp-json\/wp\/v2\/posts\/1320\/revisions"}],"predecessor-version":[{"id":1322,"href":"https:\/\/sindicatos.cgtp.pt\/hotelaria-sul\/wp-json\/wp\/v2\/posts\/1320\/revisions\/1322"}],"wp:attachment":[{"href":"https:\/\/sindicatos.cgtp.pt\/hotelaria-sul\/wp-json\/wp\/v2\/media?parent=1320"}],"wp:term":[{"taxonomy":"category","embeddable":true,"href":"https:\/\/sindicatos.cgtp.pt\/hotelaria-sul\/wp-json\/wp\/v2\/categories?post=1320"},{"taxonomy":"post_tag","embeddable":true,"href":"https:\/\/sindicatos.cgtp.pt\/hotelaria-sul\/wp-json\/wp\/v2\/tags?post=1320"}],"curies":[{"name":"wp","href":"https:\/\/api.w.org\/{rel}","templated":true}]}}