{"id":1330,"date":"2026-03-05T16:42:03","date_gmt":"2026-03-05T16:42:03","guid":{"rendered":"https:\/\/sindicatos.cgtp.pt\/hotelaria-sul\/?p=1330"},"modified":"2026-03-05T16:47:03","modified_gmt":"2026-03-05T16:47:03","slug":"8-de-marco-2026-dia-da-mulher","status":"publish","type":"post","link":"https:\/\/sindicatos.cgtp.pt\/hotelaria-sul\/2026\/03\/05\/8-de-marco-2026-dia-da-mulher\/","title":{"rendered":"8 DE MAR\u00c7O 2026- DIA DA MULHER"},"content":{"rendered":"\n<p><\/p>\n\n\n\n<p><strong>Vamos fazer desta semana e do dia 8 de mar\u00e7o,<\/strong> uma homenagem \u00e0s mulheres trabalhadoras, na luta pela igualdade que Abril Abriu, no caminho da esperan\u00e7a e de mais justi\u00e7a social pela igualdade consagrada na lei mas que falta efetivar na vida e no trabalho!<strong>No dia 6 de Mar\u00e7o, pelas 14h30, vai realizar-se uma marcha do Largo do Cam\u00f5es para a Assembleia da Rep\u00fablica.<\/strong><\/p>\n\n\n\n<p><strong>Vamos \u00e0 Luta! PARTICIPA<\/strong><\/p>\n\n\n\n<figure class=\"wp-block-image size-large\"><img loading=\"lazy\" decoding=\"async\" width=\"800\" height=\"800\" src=\"https:\/\/sindicatos.cgtp.pt\/hotelaria-sul\/wp-content\/blogs.dir\/54\/files\/sites\/54\/2026\/03\/MULHER-800x800.jpg\" alt=\"\" class=\"wp-image-1331\" srcset=\"https:\/\/sindicatos.cgtp.pt\/hotelaria-sul\/wp-content\/blogs.dir\/54\/files\/sites\/54\/2026\/03\/MULHER-800x800.jpg 800w, https:\/\/sindicatos.cgtp.pt\/hotelaria-sul\/wp-content\/blogs.dir\/54\/files\/sites\/54\/2026\/03\/MULHER-240x240.jpg 240w, https:\/\/sindicatos.cgtp.pt\/hotelaria-sul\/wp-content\/blogs.dir\/54\/files\/sites\/54\/2026\/03\/MULHER-120x120.jpg 120w, https:\/\/sindicatos.cgtp.pt\/hotelaria-sul\/wp-content\/blogs.dir\/54\/files\/sites\/54\/2026\/03\/MULHER-768x769.jpg 768w, https:\/\/sindicatos.cgtp.pt\/hotelaria-sul\/wp-content\/blogs.dir\/54\/files\/sites\/54\/2026\/03\/MULHER.jpg 902w\" sizes=\"auto, (max-width: 800px) 100vw, 800px\" \/><\/figure>\n","protected":false},"excerpt":{"rendered":"<p>Vamos fazer desta semana e do dia 8 de mar\u00e7o, uma homenagem \u00e0s mulheres trabalhadoras, na luta pela igualdade que Abril Abriu, no caminho da esperan\u00e7a e de mais justi\u00e7a social pela igualdade consagrada na lei mas que falta efetivar na vida e no trabalho!No<\/p>\n","protected":false},"author":59,"featured_media":0,"comment_status":"closed","ping_status":"open","sticky":false,"template":"","format":"standard","meta":{"footnotes":""},"categories":[1],"tags":[],"class_list":["post-1330","post","type-post","status-publish","format-standard","hentry","category-informacao"],"_links":{"self":[{"href":"https:\/\/sindicatos.cgtp.pt\/hotelaria-sul\/wp-json\/wp\/v2\/posts\/1330","targetHints":{"allow":["GET"]}}],"collection":[{"href":"https:\/\/sindicatos.cgtp.pt\/hotelaria-sul\/wp-json\/wp\/v2\/posts"}],"about":[{"href":"https:\/\/sindicatos.cgtp.pt\/hotelaria-sul\/wp-json\/wp\/v2\/types\/post"}],"author":[{"embeddable":true,"href":"https:\/\/sindicatos.cgtp.pt\/hotelaria-sul\/wp-json\/wp\/v2\/users\/59"}],"replies":[{"embeddable":true,"href":"https:\/\/sindicatos.cgtp.pt\/hotelaria-sul\/wp-json\/wp\/v2\/comments?post=1330"}],"version-history":[{"count":1,"href":"https:\/\/sindicatos.cgtp.pt\/hotelaria-sul\/wp-json\/wp\/v2\/posts\/1330\/revisions"}],"predecessor-version":[{"id":1332,"href":"https:\/\/sindicatos.cgtp.pt\/hotelaria-sul\/wp-json\/wp\/v2\/posts\/1330\/revisions\/1332"}],"wp:attachment":[{"href":"https:\/\/sindicatos.cgtp.pt\/hotelaria-sul\/wp-json\/wp\/v2\/media?parent=1330"}],"wp:term":[{"taxonomy":"category","embeddable":true,"href":"https:\/\/sindicatos.cgtp.pt\/hotelaria-sul\/wp-json\/wp\/v2\/categories?post=1330"},{"taxonomy":"post_tag","embeddable":true,"href":"https:\/\/sindicatos.cgtp.pt\/hotelaria-sul\/wp-json\/wp\/v2\/tags?post=1330"}],"curies":[{"name":"wp","href":"https:\/\/api.w.org\/{rel}","templated":true}]}}