{"id":1373,"date":"2026-04-24T09:11:43","date_gmt":"2026-04-24T09:11:43","guid":{"rendered":"https:\/\/sindicatos.cgtp.pt\/hotelaria-sul\/?p=1373"},"modified":"2026-04-24T09:12:07","modified_gmt":"2026-04-24T09:12:07","slug":"concentracao-plenario-dos-trabalhadores-dos-bares-dos-comboios-de-longo-curso-da-cp-esteve-no-ministerio-das-infraestruturas","status":"publish","type":"post","link":"https:\/\/sindicatos.cgtp.pt\/hotelaria-sul\/2026\/04\/24\/concentracao-plenario-dos-trabalhadores-dos-bares-dos-comboios-de-longo-curso-da-cp-esteve-no-ministerio-das-infraestruturas\/","title":{"rendered":"CONCENTRA\u00c7\u00c3O-PLEN\u00c1RIO DOS TRABALHADORES DOS BARES DOS COMBOIOS DE LONGO CURSO DA CP ESTEVE NO MINIST\u00c9RIO DAS INFRAESTRUTURAS!"},"content":{"rendered":"\n<p>Os trabalhadores dos bares dos comboios de longo curso da CP, reunidos em plen\u00e1rio, concentraram-se tamb\u00e9m junto do Minist\u00e9rio das Infraestruturas e Habita\u00e7\u00e3o, exigindo que o Ministro da tutela acedesse a reunir com os seus representantes, os quais j\u00e1 solicitaram, por diversas vezes, serem recebidos naquele Minist\u00e9rio, sem que at\u00e9 \u00e0 data tenham obtido qualquer resposta.<\/p>\n\n\n\n<p>&nbsp;Os trabalhadores exigiram, ainda, a interven\u00e7\u00e3o do Minist\u00e9rio junto da Administra\u00e7\u00e3o da CP, para que esta n\u00e3o continue a fazer vista grossa ao incumprimento do ITAU relativamente aos direitos dos trabalhadores, ao caderno de encargos da concess\u00e3o do servi\u00e7o de cafetaria e bar dos comboios de longo curso, bem como aos interesses dos passageiros da CP, e, caso o ITAU n\u00e3o altere significativamente a sua postura, que a CP avance com a resolu\u00e7\u00e3o do contrato de concess\u00e3o.&nbsp;&nbsp;<\/p>\n\n\n\n<p>Fruto da press\u00e3o e determina\u00e7\u00e3o demonstradas pelos sindicatos e pelos trabalhadores, incluindo o confronto directo com o Sr. Ministro na via p\u00fablica, aquando da sua desloca\u00e7\u00e3o para o almo\u00e7o, foi poss\u00edvel realizar, na presente tarde, uma reuni\u00e3o com o Chefe de Gabinete do Ministro Pinto Luz, tendo ficado assumido o compromisso de ser agendada, com car\u00e1cter de urg\u00eancia, uma reuni\u00e3o com a Secretaria de Estado da Mobilidade, com vista ao aprofundamento da an\u00e1lise da situa\u00e7\u00e3o.&nbsp;<\/p>\n\n\n\n<p>&nbsp; A concentra\u00e7\u00e3o contou com a presen\u00e7a solid\u00e1ria do Secret\u00e1rio-Geral da CGTP-IN, que contactou com os trabalhadores e interveio, manifestando a solidariedade constante da CGTP-IN para com a luta destes trabalhadores.&nbsp;&nbsp;<\/p>\n\n\n\n<figure class=\"wp-block-image size-large\"><img loading=\"lazy\" decoding=\"async\" width=\"800\" height=\"600\" src=\"https:\/\/sindicatos.cgtp.pt\/hotelaria-sul\/wp-content\/blogs.dir\/54\/files\/sites\/54\/2026\/04\/1000052577-800x600.jpg\" alt=\"\" class=\"wp-image-1376\" srcset=\"https:\/\/sindicatos.cgtp.pt\/hotelaria-sul\/wp-content\/blogs.dir\/54\/files\/sites\/54\/2026\/04\/1000052577-800x600.jpg 800w, https:\/\/sindicatos.cgtp.pt\/hotelaria-sul\/wp-content\/blogs.dir\/54\/files\/sites\/54\/2026\/04\/1000052577-240x180.jpg 240w, https:\/\/sindicatos.cgtp.pt\/hotelaria-sul\/wp-content\/blogs.dir\/54\/files\/sites\/54\/2026\/04\/1000052577-768x576.jpg 768w, https:\/\/sindicatos.cgtp.pt\/hotelaria-sul\/wp-content\/blogs.dir\/54\/files\/sites\/54\/2026\/04\/1000052577-1536x1152.jpg 1536w, https:\/\/sindicatos.cgtp.pt\/hotelaria-sul\/wp-content\/blogs.dir\/54\/files\/sites\/54\/2026\/04\/1000052577-2048x1536.jpg 2048w, https:\/\/sindicatos.cgtp.pt\/hotelaria-sul\/wp-content\/blogs.dir\/54\/files\/sites\/54\/2026\/04\/1000052577-160x120.jpg 160w\" sizes=\"auto, (max-width: 800px) 100vw, 800px\" \/><\/figure>\n","protected":false},"excerpt":{"rendered":"<p>Os trabalhadores dos bares dos comboios de longo curso da CP, reunidos em plen\u00e1rio, concentraram-se tamb\u00e9m junto do Minist\u00e9rio das Infraestruturas e Habita\u00e7\u00e3o, exigindo que o Ministro da tutela acedesse a reunir com os seus representantes, os quais j\u00e1 solicitaram, por diversas vezes, serem recebidos<\/p>\n","protected":false},"author":59,"featured_media":0,"comment_status":"closed","ping_status":"open","sticky":false,"template":"","format":"standard","meta":{"footnotes":""},"categories":[1],"tags":[],"class_list":["post-1373","post","type-post","status-publish","format-standard","hentry","category-informacao"],"_links":{"self":[{"href":"https:\/\/sindicatos.cgtp.pt\/hotelaria-sul\/wp-json\/wp\/v2\/posts\/1373","targetHints":{"allow":["GET"]}}],"collection":[{"href":"https:\/\/sindicatos.cgtp.pt\/hotelaria-sul\/wp-json\/wp\/v2\/posts"}],"about":[{"href":"https:\/\/sindicatos.cgtp.pt\/hotelaria-sul\/wp-json\/wp\/v2\/types\/post"}],"author":[{"embeddable":true,"href":"https:\/\/sindicatos.cgtp.pt\/hotelaria-sul\/wp-json\/wp\/v2\/users\/59"}],"replies":[{"embeddable":true,"href":"https:\/\/sindicatos.cgtp.pt\/hotelaria-sul\/wp-json\/wp\/v2\/comments?post=1373"}],"version-history":[{"count":1,"href":"https:\/\/sindicatos.cgtp.pt\/hotelaria-sul\/wp-json\/wp\/v2\/posts\/1373\/revisions"}],"predecessor-version":[{"id":1377,"href":"https:\/\/sindicatos.cgtp.pt\/hotelaria-sul\/wp-json\/wp\/v2\/posts\/1373\/revisions\/1377"}],"wp:attachment":[{"href":"https:\/\/sindicatos.cgtp.pt\/hotelaria-sul\/wp-json\/wp\/v2\/media?parent=1373"}],"wp:term":[{"taxonomy":"category","embeddable":true,"href":"https:\/\/sindicatos.cgtp.pt\/hotelaria-sul\/wp-json\/wp\/v2\/categories?post=1373"},{"taxonomy":"post_tag","embeddable":true,"href":"https:\/\/sindicatos.cgtp.pt\/hotelaria-sul\/wp-json\/wp\/v2\/tags?post=1373"}],"curies":[{"name":"wp","href":"https:\/\/api.w.org\/{rel}","templated":true}]}}