{"id":1379,"date":"2026-04-24T09:16:33","date_gmt":"2026-04-24T09:16:33","guid":{"rendered":"https:\/\/sindicatos.cgtp.pt\/hotelaria-sul\/?p=1379"},"modified":"2026-04-24T09:17:00","modified_gmt":"2026-04-24T09:17:00","slug":"plenario-nacional-dos-trabalhadores-dos-bares-dos-comboios","status":"publish","type":"post","link":"https:\/\/sindicatos.cgtp.pt\/hotelaria-sul\/2026\/04\/24\/plenario-nacional-dos-trabalhadores-dos-bares-dos-comboios\/","title":{"rendered":"Plen\u00e1rio nacional dos trabalhadores dos bares dos comboios"},"content":{"rendered":"\n<p>Passam os anos, mudam as empresas, investem-se milh\u00f5es e os direitos continuam por um fio: trabalhadores dos bares dos comboios da CP protestam contra os incumprimentos do ITAU, a cumplicidade da CP e o sil\u00eancio do Minist\u00e9rio das Infra-estruturas!<\/p>\n\n\n\n<p>Esta quinta-feira (23\/04), os trabalhadores dos bares dos comboios de longo curso da CP, respons\u00e1veis por assegurar o servi\u00e7o de cafetaria e bar dos Alfa Pendulares e Intercidades, reuniram-se, numa primeira fase, em plen\u00e1rio nas esta\u00e7\u00f5es de Santa Apol\u00f3nia e de Campanh\u00e3, no Porto. Posteriormente, aprovaram deslocar-se, tamb\u00e9m em plen\u00e1rio, \u00e0 sede da empresa ITAU, respons\u00e1vel pela concess\u00e3o do servi\u00e7o.<\/p>\n\n\n\n<p>Para al\u00e9m de a empresa n\u00e3o cumprir integralmente o Acordo de Empresa desde Maio de 2025, penalizando em dezenas de euros mensais os rendimentos dos trabalhadores, veio ainda, no passado dia 21\/04, informar que deixaria de cumprir totalmente o referido acordo, o que constitui um verdadeiro esvaziamento \u2014 e, na pr\u00e1tica, um roubo \u2014 dos direitos conquistados ao longo de d\u00e9cadas pelos trabalhadores dos bares dos comboios.<\/p>\n\n\n\n<p>Perante as amea\u00e7as da empresa, hoje, como sempre, os trabalhadores, unidos como os dedos de uma m\u00e3o, fizeram ouvir a sua voz junto da sede do ITAU.<\/p>\n\n\n\n<figure class=\"wp-block-image size-large\"><img loading=\"lazy\" decoding=\"async\" width=\"800\" height=\"600\" src=\"https:\/\/sindicatos.cgtp.pt\/hotelaria-sul\/wp-content\/blogs.dir\/54\/files\/sites\/54\/2026\/04\/IMG-20260423-WA0030-002-800x600.jpg\" alt=\"\" class=\"wp-image-1380\" srcset=\"https:\/\/sindicatos.cgtp.pt\/hotelaria-sul\/wp-content\/blogs.dir\/54\/files\/sites\/54\/2026\/04\/IMG-20260423-WA0030-002-800x600.jpg 800w, https:\/\/sindicatos.cgtp.pt\/hotelaria-sul\/wp-content\/blogs.dir\/54\/files\/sites\/54\/2026\/04\/IMG-20260423-WA0030-002-240x180.jpg 240w, https:\/\/sindicatos.cgtp.pt\/hotelaria-sul\/wp-content\/blogs.dir\/54\/files\/sites\/54\/2026\/04\/IMG-20260423-WA0030-002-768x576.jpg 768w, https:\/\/sindicatos.cgtp.pt\/hotelaria-sul\/wp-content\/blogs.dir\/54\/files\/sites\/54\/2026\/04\/IMG-20260423-WA0030-002-1536x1152.jpg 1536w, https:\/\/sindicatos.cgtp.pt\/hotelaria-sul\/wp-content\/blogs.dir\/54\/files\/sites\/54\/2026\/04\/IMG-20260423-WA0030-002-160x120.jpg 160w, https:\/\/sindicatos.cgtp.pt\/hotelaria-sul\/wp-content\/blogs.dir\/54\/files\/sites\/54\/2026\/04\/IMG-20260423-WA0030-002.jpg 2048w\" sizes=\"auto, (max-width: 800px) 100vw, 800px\" \/><\/figure>\n","protected":false},"excerpt":{"rendered":"<p>Passam os anos, mudam as empresas, investem-se milh\u00f5es e os direitos continuam por um fio: trabalhadores dos bares dos comboios da CP protestam contra os incumprimentos do ITAU, a cumplicidade da CP e o sil\u00eancio do Minist\u00e9rio das Infra-estruturas! Esta quinta-feira (23\/04), os trabalhadores dos<\/p>\n","protected":false},"author":59,"featured_media":0,"comment_status":"closed","ping_status":"open","sticky":false,"template":"","format":"standard","meta":{"footnotes":""},"categories":[1],"tags":[],"class_list":["post-1379","post","type-post","status-publish","format-standard","hentry","category-informacao"],"_links":{"self":[{"href":"https:\/\/sindicatos.cgtp.pt\/hotelaria-sul\/wp-json\/wp\/v2\/posts\/1379","targetHints":{"allow":["GET"]}}],"collection":[{"href":"https:\/\/sindicatos.cgtp.pt\/hotelaria-sul\/wp-json\/wp\/v2\/posts"}],"about":[{"href":"https:\/\/sindicatos.cgtp.pt\/hotelaria-sul\/wp-json\/wp\/v2\/types\/post"}],"author":[{"embeddable":true,"href":"https:\/\/sindicatos.cgtp.pt\/hotelaria-sul\/wp-json\/wp\/v2\/users\/59"}],"replies":[{"embeddable":true,"href":"https:\/\/sindicatos.cgtp.pt\/hotelaria-sul\/wp-json\/wp\/v2\/comments?post=1379"}],"version-history":[{"count":1,"href":"https:\/\/sindicatos.cgtp.pt\/hotelaria-sul\/wp-json\/wp\/v2\/posts\/1379\/revisions"}],"predecessor-version":[{"id":1381,"href":"https:\/\/sindicatos.cgtp.pt\/hotelaria-sul\/wp-json\/wp\/v2\/posts\/1379\/revisions\/1381"}],"wp:attachment":[{"href":"https:\/\/sindicatos.cgtp.pt\/hotelaria-sul\/wp-json\/wp\/v2\/media?parent=1379"}],"wp:term":[{"taxonomy":"category","embeddable":true,"href":"https:\/\/sindicatos.cgtp.pt\/hotelaria-sul\/wp-json\/wp\/v2\/categories?post=1379"},{"taxonomy":"post_tag","embeddable":true,"href":"https:\/\/sindicatos.cgtp.pt\/hotelaria-sul\/wp-json\/wp\/v2\/tags?post=1379"}],"curies":[{"name":"wp","href":"https:\/\/api.w.org\/{rel}","templated":true}]}}