{"id":1382,"date":"2026-04-24T15:06:29","date_gmt":"2026-04-24T15:06:29","guid":{"rendered":"https:\/\/sindicatos.cgtp.pt\/hotelaria-sul\/?p=1382"},"modified":"2026-04-24T15:06:46","modified_gmt":"2026-04-24T15:06:46","slug":"43a-corrida-1o-de-maio","status":"publish","type":"post","link":"https:\/\/sindicatos.cgtp.pt\/hotelaria-sul\/2026\/04\/24\/43a-corrida-1o-de-maio\/","title":{"rendered":"43\u00aa Corrida 1\u00ba de Maio"},"content":{"rendered":"\n<p>A corrida internacional de atletismo da CGTP-IN, vai na sua 43.\u00aa edi\u00e7\u00e3o e, ao longo dos anos, este<br>tem sido o contributo da central sindical para proporcionar aos trabalhadores e seus familiares uma<br>prova onde, para al\u00e9m da pr\u00e1tica desportiva, se espelham os valores da amizade, solidariedade e<br>democracia que s\u00f3 esta iniciativa promove. A inscri\u00e7\u00e3o deve ser feita em www.xistarca.pt. DIVULGA E PARTICIPA.<\/p>\n\n\n\n<figure class=\"wp-block-image size-large\"><img loading=\"lazy\" decoding=\"async\" width=\"566\" height=\"800\" src=\"https:\/\/sindicatos.cgtp.pt\/hotelaria-sul\/wp-content\/blogs.dir\/54\/files\/sites\/54\/2026\/04\/CARTAZ-1-MAIO-FINAL-566x800.jpg\" alt=\"\" class=\"wp-image-1383\" srcset=\"https:\/\/sindicatos.cgtp.pt\/hotelaria-sul\/wp-content\/blogs.dir\/54\/files\/sites\/54\/2026\/04\/CARTAZ-1-MAIO-FINAL-566x800.jpg 566w, https:\/\/sindicatos.cgtp.pt\/hotelaria-sul\/wp-content\/blogs.dir\/54\/files\/sites\/54\/2026\/04\/CARTAZ-1-MAIO-FINAL-170x240.jpg 170w, https:\/\/sindicatos.cgtp.pt\/hotelaria-sul\/wp-content\/blogs.dir\/54\/files\/sites\/54\/2026\/04\/CARTAZ-1-MAIO-FINAL-768x1086.jpg 768w, https:\/\/sindicatos.cgtp.pt\/hotelaria-sul\/wp-content\/blogs.dir\/54\/files\/sites\/54\/2026\/04\/CARTAZ-1-MAIO-FINAL-1086x1536.jpg 1086w, https:\/\/sindicatos.cgtp.pt\/hotelaria-sul\/wp-content\/blogs.dir\/54\/files\/sites\/54\/2026\/04\/CARTAZ-1-MAIO-FINAL.jpg 1240w\" sizes=\"auto, (max-width: 566px) 100vw, 566px\" \/><\/figure>\n","protected":false},"excerpt":{"rendered":"<p>A corrida internacional de atletismo da CGTP-IN, vai na sua 43.\u00aa edi\u00e7\u00e3o e, ao longo dos anos, estetem sido o contributo da central sindical para proporcionar aos trabalhadores e seus familiares umaprova onde, para al\u00e9m da pr\u00e1tica desportiva, se espelham os valores da amizade, solidariedade<\/p>\n","protected":false},"author":59,"featured_media":0,"comment_status":"closed","ping_status":"open","sticky":false,"template":"","format":"standard","meta":{"footnotes":""},"categories":[1],"tags":[],"class_list":["post-1382","post","type-post","status-publish","format-standard","hentry","category-informacao"],"_links":{"self":[{"href":"https:\/\/sindicatos.cgtp.pt\/hotelaria-sul\/wp-json\/wp\/v2\/posts\/1382","targetHints":{"allow":["GET"]}}],"collection":[{"href":"https:\/\/sindicatos.cgtp.pt\/hotelaria-sul\/wp-json\/wp\/v2\/posts"}],"about":[{"href":"https:\/\/sindicatos.cgtp.pt\/hotelaria-sul\/wp-json\/wp\/v2\/types\/post"}],"author":[{"embeddable":true,"href":"https:\/\/sindicatos.cgtp.pt\/hotelaria-sul\/wp-json\/wp\/v2\/users\/59"}],"replies":[{"embeddable":true,"href":"https:\/\/sindicatos.cgtp.pt\/hotelaria-sul\/wp-json\/wp\/v2\/comments?post=1382"}],"version-history":[{"count":1,"href":"https:\/\/sindicatos.cgtp.pt\/hotelaria-sul\/wp-json\/wp\/v2\/posts\/1382\/revisions"}],"predecessor-version":[{"id":1384,"href":"https:\/\/sindicatos.cgtp.pt\/hotelaria-sul\/wp-json\/wp\/v2\/posts\/1382\/revisions\/1384"}],"wp:attachment":[{"href":"https:\/\/sindicatos.cgtp.pt\/hotelaria-sul\/wp-json\/wp\/v2\/media?parent=1382"}],"wp:term":[{"taxonomy":"category","embeddable":true,"href":"https:\/\/sindicatos.cgtp.pt\/hotelaria-sul\/wp-json\/wp\/v2\/categories?post=1382"},{"taxonomy":"post_tag","embeddable":true,"href":"https:\/\/sindicatos.cgtp.pt\/hotelaria-sul\/wp-json\/wp\/v2\/tags?post=1382"}],"curies":[{"name":"wp","href":"https:\/\/api.w.org\/{rel}","templated":true}]}}