{"id":1077,"date":"2014-10-16T13:11:50","date_gmt":"2014-10-16T13:11:50","guid":{"rendered":"http:\/\/sindicatos.cgtp.pt\/sintab\/?p=1077"},"modified":"2019-01-30T17:13:26","modified_gmt":"2019-01-30T17:13:26","slug":"subsidio-de-natal","status":"publish","type":"post","link":"https:\/\/sindicatos.cgtp.pt\/sintab\/subsidio-de-natal\/","title":{"rendered":"Subs\u00eddio de Natal"},"content":{"rendered":"<div id=\"id_543fc5249d9959c65148665\">\n<p>Sabias que:<\/p>\n<p>Artigo 263.\u00ba do C.T. &#8211; Subs\u00eddio de Natal<br \/>\n1 \u2013 O trabalhador tem direito a subs\u00eddio de Natal de valor igual a um m\u00eas de retribui\u00e7\u00e3o, que deve ser pago at\u00e9 15 de Dezembro de cada ano.<br \/>\n2 \u2013 O valor do subs\u00eddio de Natal \u00e9 proporcional ao tempo de servi\u00e7o prestado no ano civil, nas seguintes situa\u00e7\u00f5es:&#8230;<br \/>\na) No ano de admiss\u00e3o do trabalhador;<br \/>\nb) No ano de cessa\u00e7\u00e3o do contrato de trabalho;<br \/>\nc) Em caso de suspens\u00e3o de contrato de trabalho por facto respeitante ao trabalhador.<br \/>\n3 \u2013 Constitui contra-ordena\u00e7\u00e3o muito grave a viola\u00e7\u00e3o do disposto neste artigo.<\/p>\n<\/div>\n","protected":false},"excerpt":{"rendered":"<p>Sabias que: Artigo 263.\u00ba do C.T. &#8211; Subs\u00eddio de Natal 1 \u2013 O trabalhador tem direito a subs\u00eddio de Natal de valor igual a um m\u00eas de retribui\u00e7\u00e3o, que deve ser pago at\u00e9 15 de Dezembro de cada ano. 2 &hellip; <a href=\"https:\/\/sindicatos.cgtp.pt\/sintab\/subsidio-de-natal\/\">Continuar a ler <span class=\"meta-nav\">&rarr;<\/span><\/a><\/p>\n","protected":false},"author":31,"featured_media":0,"comment_status":"closed","ping_status":"open","sticky":false,"template":"","format":"standard","meta":{"footnotes":""},"categories":[2,11],"tags":[],"class_list":["post-1077","post","type-post","status-publish","format-standard","hentry","category-destaques","category-direitos"],"_links":{"self":[{"href":"https:\/\/sindicatos.cgtp.pt\/sintab\/wp-json\/wp\/v2\/posts\/1077","targetHints":{"allow":["GET"]}}],"collection":[{"href":"https:\/\/sindicatos.cgtp.pt\/sintab\/wp-json\/wp\/v2\/posts"}],"about":[{"href":"https:\/\/sindicatos.cgtp.pt\/sintab\/wp-json\/wp\/v2\/types\/post"}],"author":[{"embeddable":true,"href":"https:\/\/sindicatos.cgtp.pt\/sintab\/wp-json\/wp\/v2\/users\/31"}],"replies":[{"embeddable":true,"href":"https:\/\/sindicatos.cgtp.pt\/sintab\/wp-json\/wp\/v2\/comments?post=1077"}],"version-history":[{"count":4,"href":"https:\/\/sindicatos.cgtp.pt\/sintab\/wp-json\/wp\/v2\/posts\/1077\/revisions"}],"predecessor-version":[{"id":1465,"href":"https:\/\/sindicatos.cgtp.pt\/sintab\/wp-json\/wp\/v2\/posts\/1077\/revisions\/1465"}],"wp:attachment":[{"href":"https:\/\/sindicatos.cgtp.pt\/sintab\/wp-json\/wp\/v2\/media?parent=1077"}],"wp:term":[{"taxonomy":"category","embeddable":true,"href":"https:\/\/sindicatos.cgtp.pt\/sintab\/wp-json\/wp\/v2\/categories?post=1077"},{"taxonomy":"post_tag","embeddable":true,"href":"https:\/\/sindicatos.cgtp.pt\/sintab\/wp-json\/wp\/v2\/tags?post=1077"}],"curies":[{"name":"wp","href":"https:\/\/api.w.org\/{rel}","templated":true}]}}