{"id":1080,"date":"2014-10-16T13:14:23","date_gmt":"2014-10-16T13:14:23","guid":{"rendered":"http:\/\/sindicatos.cgtp.pt\/sintab\/?p=1080"},"modified":"2014-10-16T13:14:23","modified_gmt":"2014-10-16T13:14:23","slug":"acidentes-de-trabalho-e-doencas-profissionais","status":"publish","type":"post","link":"https:\/\/sindicatos.cgtp.pt\/sintab\/acidentes-de-trabalho-e-doencas-profissionais\/","title":{"rendered":"Acidentes de Trabalho e Doen\u00e7as Profissionais"},"content":{"rendered":"<p>Sabias que:<\/p>\n<p>Artigo 283.\u00ba do C\u00f3digo do Trabalho &#8211; Acidentes de trabalho e doen\u00e7as profissionais<\/p>\n<p>1 \u2013 O trabalhador e os seus familiares t\u00eam direito \u00e0 repara\u00e7\u00e3o de danos emergentes de acidente de trabalho ou doen\u00e7a profissional.<br \/>\n2 \u2013 As doen\u00e7as profissionais constam da lista organizada e publicada no Di\u00e1rio da Rep\u00fablica.<br \/>\n3 \u2013 A les\u00e3o corporal, perturba\u00e7\u00e3o funcional ou a doen\u00e7a n\u00e3o inclu\u00eddas na lista a que se refere o n\u00famero anterior s\u00e3o indemniz\u00e1veis desde que se prove serem consequ\u00eancia, necess\u00e1ria e directa, da actividade exercida e n\u00e3o representem normal desgaste do organismo.<br \/>\n4 \u2013 A lei estabelece as situa\u00e7\u00f5es que excluem o dever de repara\u00e7\u00e3o ou que agravam a responsabilidade.<br \/>\n5 \u2013 O empregador \u00e9 obrigado a transferir a responsabilidade pela repara\u00e7\u00e3o prevista neste cap\u00edtulo para entidades legalmente autorizadas a realizar este seguro.<br \/>\n6 \u2013 A garantia do pagamento das presta\u00e7\u00f5es que forem devidas por acidentes de trabalho que n\u00e3o possam ser pagas pela entidade respons\u00e1vel, nomeadamente por motivo de incapacidade econ\u00f3mica, \u00e9 assumida pelo Fundo de Acidentes de Trabalho, nos termos da lei.<br \/>\n7 \u2013 A responsabilidade pela repara\u00e7\u00e3o dos danos emergentes de doen\u00e7as profissionais \u00e9 assumida pela seguran\u00e7a social, nos termos da lei.<br \/>\n8 \u2013 O empregador deve assegurar a trabalhador afectado de les\u00e3o provocada por acidente de trabalho ou doen\u00e7a profissional que reduza a sua capacidade de trabalho ou de ganho a ocupa\u00e7\u00e3o em fun\u00e7\u00f5es compat\u00edveis.<\/p>\n","protected":false},"excerpt":{"rendered":"<p>Sabias que: Artigo 283.\u00ba do C\u00f3digo do Trabalho &#8211; Acidentes de trabalho e doen\u00e7as profissionais 1 \u2013 O trabalhador e os seus familiares t\u00eam direito \u00e0 repara\u00e7\u00e3o de danos emergentes de acidente de trabalho ou doen\u00e7a profissional. 2 \u2013 As &hellip; <a href=\"https:\/\/sindicatos.cgtp.pt\/sintab\/acidentes-de-trabalho-e-doencas-profissionais\/\">Continuar a ler <span class=\"meta-nav\">&rarr;<\/span><\/a><\/p>\n","protected":false},"author":31,"featured_media":0,"comment_status":"closed","ping_status":"open","sticky":false,"template":"","format":"standard","meta":{"footnotes":""},"categories":[2],"tags":[],"class_list":["post-1080","post","type-post","status-publish","format-standard","hentry","category-destaques"],"_links":{"self":[{"href":"https:\/\/sindicatos.cgtp.pt\/sintab\/wp-json\/wp\/v2\/posts\/1080","targetHints":{"allow":["GET"]}}],"collection":[{"href":"https:\/\/sindicatos.cgtp.pt\/sintab\/wp-json\/wp\/v2\/posts"}],"about":[{"href":"https:\/\/sindicatos.cgtp.pt\/sintab\/wp-json\/wp\/v2\/types\/post"}],"author":[{"embeddable":true,"href":"https:\/\/sindicatos.cgtp.pt\/sintab\/wp-json\/wp\/v2\/users\/31"}],"replies":[{"embeddable":true,"href":"https:\/\/sindicatos.cgtp.pt\/sintab\/wp-json\/wp\/v2\/comments?post=1080"}],"version-history":[{"count":2,"href":"https:\/\/sindicatos.cgtp.pt\/sintab\/wp-json\/wp\/v2\/posts\/1080\/revisions"}],"predecessor-version":[{"id":1082,"href":"https:\/\/sindicatos.cgtp.pt\/sintab\/wp-json\/wp\/v2\/posts\/1080\/revisions\/1082"}],"wp:attachment":[{"href":"https:\/\/sindicatos.cgtp.pt\/sintab\/wp-json\/wp\/v2\/media?parent=1080"}],"wp:term":[{"taxonomy":"category","embeddable":true,"href":"https:\/\/sindicatos.cgtp.pt\/sintab\/wp-json\/wp\/v2\/categories?post=1080"},{"taxonomy":"post_tag","embeddable":true,"href":"https:\/\/sindicatos.cgtp.pt\/sintab\/wp-json\/wp\/v2\/tags?post=1080"}],"curies":[{"name":"wp","href":"https:\/\/api.w.org\/{rel}","templated":true}]}}