{"id":1581,"date":"2021-02-21T14:07:44","date_gmt":"2021-02-21T14:07:44","guid":{"rendered":"http:\/\/sindicatos.cgtp.pt\/sintab\/?p=1581"},"modified":"2021-02-21T14:07:44","modified_gmt":"2021-02-21T14:07:44","slug":"25-de-fevereiro-jornada-nacional-de-luta-cgtp-in","status":"publish","type":"post","link":"https:\/\/sindicatos.cgtp.pt\/sintab\/25-de-fevereiro-jornada-nacional-de-luta-cgtp-in\/","title":{"rendered":"25 de fevereiro &#8211; Jornada Nacional de luta CGTP-IN"},"content":{"rendered":"<h4 style=\"text-align: justify\">No dia 25 de fevereiro, vamos participar na jornada nacional de luta. Vamos vamos faz\u00ea-lo cumprindo com todas as normas de seguran\u00e7a e prote\u00e7\u00e3o sanit\u00e1rias e garantindo o distanciamento f\u00edsico entre os participantes.<\/h4>\n<div id=\"attachment_1582\" style=\"width: 540px\" class=\"wp-caption aligncenter\"><a href=\"https:\/\/drive.google.com\/file\/d\/1Ca3E1R3F-WB4JuoC6889FD37SKv15Jpy\/view?usp=sharing\"><img loading=\"lazy\" decoding=\"async\" aria-describedby=\"caption-attachment-1582\" class=\"size-full wp-image-1582\" alt=\"Cartaz - clica para abrir manifesto\" src=\"https:\/\/sindicatos.cgtp.pt\/sintab\/wp-content\/blogs.dir\/39\/files\/sites\/39\/2021\/02\/fundo-cartaz.jpg\" width=\"530\" height=\"298\" srcset=\"https:\/\/sindicatos.cgtp.pt\/sintab\/wp-content\/blogs.dir\/39\/files\/sites\/39\/2021\/02\/fundo-cartaz.jpg 530w, https:\/\/sindicatos.cgtp.pt\/sintab\/wp-content\/blogs.dir\/39\/files\/sites\/39\/2021\/02\/fundo-cartaz-240x134.jpg 240w, https:\/\/sindicatos.cgtp.pt\/sintab\/wp-content\/blogs.dir\/39\/files\/sites\/39\/2021\/02\/fundo-cartaz-500x281.jpg 500w\" sizes=\"auto, (max-width: 530px) 100vw, 530px\" \/><\/a><p id=\"caption-attachment-1582\" class=\"wp-caption-text\">Cartaz &#8211; clica para abrir manifesto<\/p><\/div>\n<p style=\"text-align: justify\">\u00c9 preciso dar resposta aos problemas concretos que os trabalhadores est\u00e3o a sentir.<\/p>\n<p style=\"text-align: justify\">Porque os direitos n\u00e3o est\u00e3o suspensos e os trabalhadores n\u00e3o est\u00e3o sozinhos &#8211; \u00e9 urgente inverter o rumo da desvaloriza\u00e7\u00e3o do trabalho e dos trabalhadores.<\/p>\n<p style=\"text-align: justify\">N\u00e3o podemos permitir que o patronato aproveite qualquer oportunidade para aumentar a explora\u00e7\u00e3o e o empobrecimento dos trabalhadores. \u00c9 preciso romper com o modelo de baixos sal\u00e1rios e trabalho prec\u00e1rio.<\/p>\n<p style=\"text-align: justify\">Para responder aos problemas do pa\u00eds \u00e9 necess\u00e1rio que os trabalhadores melhorem as suas condi\u00e7\u00f5es de vida e de trabalho.<\/p>\n<h2 style=\"text-align: justify\">Ac\u00e7\u00f5es nos distritos<\/h2>\n<h3 style=\"text-align: justify\"><strong>Lisboa<\/strong><\/h3>\n<p style=\"text-align: justify\">Manifesta\u00e7\u00e3o \u00e0s 15H do Cais do Sodr\u00e9\/ Assembleia da Republica (Lx + concelhos norte de Set\u00fabal)<\/p>\n<h3 style=\"text-align: justify\"><strong>Porto<\/strong><\/h3>\n<p style=\"text-align: justify\">Concentra\u00e7\u00e3o na Avenida dos Aliados, 15h<\/p>\n<h3 style=\"text-align: justify\"><strong>Aveiro<\/strong><\/h3>\n<p style=\"text-align: justify\">Concentra\u00e7\u00e3o em frente ao ACT, 15h<\/p>\n<h3 style=\"text-align: justify\"><strong>Beja<\/strong><\/h3>\n<p style=\"text-align: justify\">15h concentra\u00e7\u00e3o na Pra\u00e7a da Rep\u00fablica<\/p>\n<h3 style=\"text-align: justify\"><strong>Braga<\/strong><\/h3>\n<p style=\"text-align: justify\">Concentra\u00e7\u00e3o no Largo do Toural 15h<\/p>\n<h3 style=\"text-align: justify\"><strong>Coimbra<\/strong><\/h3>\n<p style=\"text-align: justify\">Concentra\u00e7\u00e3o junto \u00e0 S. Social com desloca\u00e7\u00e3o em cord\u00e3o humano at\u00e9 a ACT \u2013 16h<\/p>\n<h3 style=\"text-align: justify\"><strong>Guarda<\/strong><\/h3>\n<p style=\"text-align: justify\">Concentra\u00e7\u00e3o na Alameda de St. Andr\u00e9 \u00e0s 14.30 horas<\/p>\n<h3 style=\"text-align: justify\"><strong>\u00c9vora<\/strong><\/h3>\n<p style=\"text-align: justify\">Cord\u00e3o Humano \u00e0s 10H Portas Mouras\/IEFP<\/p>\n<h3 style=\"text-align: justify\"><strong>Leiria<\/strong><\/h3>\n<p style=\"text-align: justify\">Desfile a partir do Largo do Munic\u00edpio, pelas 15h30m<\/p>\n<h3 style=\"text-align: justify\"><strong>Portalegre<\/strong><\/h3>\n<p style=\"text-align: justify\">17h \u2013 cord\u00e3o humano do centro distrital de seg.social at\u00e9 centro comercial fontedeira na Av. MFA<\/p>\n<h3 style=\"text-align: justify\"><strong>Santar\u00e9m<\/strong><\/h3>\n<p style=\"text-align: justify\">Concentra\u00e7\u00e3o \u00e0s 15H Jardim da Rep\u00fablica<\/p>\n<h3 style=\"text-align: justify\"><strong>Set\u00fabal<\/strong><\/h3>\n<p style=\"text-align: justify\">Manifesta\u00e7\u00e3o 10H Jardim do Quebedo \/ Pra\u00e7a Bocage (Participam Set\u00fabal, Palmela e os 4 concelhos do litoral Alentejano)<\/p>\n<h3 style=\"text-align: justify\"><strong>Algarve &#8211; Faro<\/strong><\/h3>\n<p style=\"text-align: justify\">Concentra\u00e7\u00e3o \u00e0s 15H\u00a0 junto ao teatro municipal at\u00e9 \u00e0 rotunda do F\u00f3rum Algarve<\/p>\n<h3 style=\"text-align: justify\"><strong>Viana do Castelo<\/strong><\/h3>\n<p style=\"text-align: justify\">10h30 concentra\u00e7\u00e3o junto \u00e0 ACT<\/p>\n<h3 style=\"text-align: justify\"><strong>Viseu<\/strong><\/h3>\n<p style=\"text-align: justify\">Concentra\u00e7\u00e3o no Rossio \u00e0s 17h \u2013 entrega de documento reivindicativo \u00e0 ACT<\/p>\n<h3 style=\"text-align: justify\"><strong>Funchal &#8211; R.A. Madeira<\/strong><\/h3>\n<p style=\"text-align: justify\">Concentra\u00e7\u00e3o junto \u00e0 Secretaria Regional da Inclus\u00e3o com entrega de mo\u00e7\u00e3o \u2013 das 15h \u00e0s 16h30<\/p>\n<p style=\"text-align: justify\">\n","protected":false},"excerpt":{"rendered":"<p>No dia 25 de fevereiro, vamos participar na jornada nacional de luta. Vamos vamos faz\u00ea-lo cumprindo com todas as normas de seguran\u00e7a e prote\u00e7\u00e3o sanit\u00e1rias e garantindo o distanciamento f\u00edsico entre os participantes. \u00c9 preciso dar resposta aos problemas concretos &hellip; <a href=\"https:\/\/sindicatos.cgtp.pt\/sintab\/25-de-fevereiro-jornada-nacional-de-luta-cgtp-in\/\">Continuar a ler <span class=\"meta-nav\">&rarr;<\/span><\/a><\/p>\n","protected":false},"author":29,"featured_media":0,"comment_status":"closed","ping_status":"open","sticky":false,"template":"","format":"standard","meta":{"footnotes":""},"categories":[1],"tags":[],"class_list":["post-1581","post","type-post","status-publish","format-standard","hentry","category-noticias"],"_links":{"self":[{"href":"https:\/\/sindicatos.cgtp.pt\/sintab\/wp-json\/wp\/v2\/posts\/1581","targetHints":{"allow":["GET"]}}],"collection":[{"href":"https:\/\/sindicatos.cgtp.pt\/sintab\/wp-json\/wp\/v2\/posts"}],"about":[{"href":"https:\/\/sindicatos.cgtp.pt\/sintab\/wp-json\/wp\/v2\/types\/post"}],"author":[{"embeddable":true,"href":"https:\/\/sindicatos.cgtp.pt\/sintab\/wp-json\/wp\/v2\/users\/29"}],"replies":[{"embeddable":true,"href":"https:\/\/sindicatos.cgtp.pt\/sintab\/wp-json\/wp\/v2\/comments?post=1581"}],"version-history":[{"count":1,"href":"https:\/\/sindicatos.cgtp.pt\/sintab\/wp-json\/wp\/v2\/posts\/1581\/revisions"}],"predecessor-version":[{"id":1583,"href":"https:\/\/sindicatos.cgtp.pt\/sintab\/wp-json\/wp\/v2\/posts\/1581\/revisions\/1583"}],"wp:attachment":[{"href":"https:\/\/sindicatos.cgtp.pt\/sintab\/wp-json\/wp\/v2\/media?parent=1581"}],"wp:term":[{"taxonomy":"category","embeddable":true,"href":"https:\/\/sindicatos.cgtp.pt\/sintab\/wp-json\/wp\/v2\/categories?post=1581"},{"taxonomy":"post_tag","embeddable":true,"href":"https:\/\/sindicatos.cgtp.pt\/sintab\/wp-json\/wp\/v2\/tags?post=1581"}],"curies":[{"name":"wp","href":"https:\/\/api.w.org\/{rel}","templated":true}]}}