{"id":1803,"date":"2022-01-03T19:37:16","date_gmt":"2022-01-03T19:37:16","guid":{"rendered":"http:\/\/sindicatos.cgtp.pt\/sintab\/?p=1803"},"modified":"2022-01-03T19:37:16","modified_gmt":"2022-01-03T19:37:16","slug":"greve-dos-trabalhadores-da-sumolcompal-nota-de-imprensa","status":"publish","type":"post","link":"https:\/\/sindicatos.cgtp.pt\/sintab\/greve-dos-trabalhadores-da-sumolcompal-nota-de-imprensa\/","title":{"rendered":"Greve dos Trabalhadores da SUMOL+COMPAL &#8211; NOTA DE IMPRENSA"},"content":{"rendered":"<p style=\"text-align: justify\">Os Trabalhadores da SUMOL+COMPAL deliberaram, nos plen\u00e1rios que realizaram nas unidades fabris de Almeirim e Pombal, emitir um pr\u00e9-aviso de greve para o dia 12 de janeiro de 2022, com concentra\u00e7\u00f5es \u00e0 porta das f\u00e1bricas de Pombal e Almeirim, e ainda manifesta\u00e7\u00e3o de Trabalhadores em Almeirim, em frente \u00e0 c\u00e2mara municipal, com a presen\u00e7a da Secret\u00e1ria Geral da CGTP, a Camarada Isabel Camarinha.<\/p>\n<p style=\"text-align: justify\">Esta decis\u00e3o deriva da intransig\u00eancia que a Administra\u00e7\u00e3o tem demonstrado na recusa da s\u00e9ria negocia\u00e7\u00e3o da carta reivindicativa apresentada pelos Trabalhadores.<\/p>\n<p style=\"text-align: justify\"><img loading=\"lazy\" decoding=\"async\" class=\"alignleft size-full wp-image-1777\" alt=\"IMG_20211105_163857-01 (1)\" src=\"https:\/\/sindicatos.cgtp.pt\/sintab\/wp-content\/blogs.dir\/39\/files\/sites\/39\/2021\/11\/IMG_20211105_163857-01-1.png\" width=\"630\" height=\"472\" srcset=\"https:\/\/sindicatos.cgtp.pt\/sintab\/wp-content\/blogs.dir\/39\/files\/sites\/39\/2021\/11\/IMG_20211105_163857-01-1.png 630w, https:\/\/sindicatos.cgtp.pt\/sintab\/wp-content\/blogs.dir\/39\/files\/sites\/39\/2021\/11\/IMG_20211105_163857-01-1-240x179.png 240w, https:\/\/sindicatos.cgtp.pt\/sintab\/wp-content\/blogs.dir\/39\/files\/sites\/39\/2021\/11\/IMG_20211105_163857-01-1-400x300.png 400w, https:\/\/sindicatos.cgtp.pt\/sintab\/wp-content\/blogs.dir\/39\/files\/sites\/39\/2021\/11\/IMG_20211105_163857-01-1-160x120.png 160w\" sizes=\"auto, (max-width: 630px) 100vw, 630px\" \/><\/p>\n<p style=\"text-align: justify\">Perante a apresenta\u00e7\u00e3o das justas reivindica\u00e7\u00f5es dos Trabalhadores, de onde se destacam a reformula\u00e7\u00e3o do escalonamento da tabela salarial, quase totalmente absorvida pelo SMN, e a implementa\u00e7\u00e3o de perspetivas de progress\u00e3o de carreira, a Administra\u00e7\u00e3o n\u00e3o tem dado qualquer resposta objetiva, desvalorizando a iniciativa e os pr\u00f3prios Trabalhadores.<\/p>\n<p style=\"text-align: justify\">Os plen\u00e1rios de novembro haviam j\u00e1 deliberado o combate \u00e0 cont\u00ednua precariza\u00e7\u00e3o da m\u00e3o de obra, por recurso excessivo e injustificado \u00e0 presta\u00e7\u00e3o de servi\u00e7os externos e trabalho tempor\u00e1rio, bem como a firme oposi\u00e7\u00e3o aos despedimentos coletivos que a empresa colocou em pr\u00e1tica durante os \u00faltimos anos.<\/p>\n<p style=\"text-align: justify\"><span style=\"text-decoration: underline\">A greve decorrer\u00e1 entre as 23:00h do dia 11 e as 8:00h do dia 13 de janeiro<\/span>, em todos os estabelecimentos da empresa no territ\u00f3rio Nacional.<\/p>\n<p style=\"text-align: justify\">A manifesta\u00e7\u00e3o, com a presen\u00e7a confirmada da Camarada Isabel Camarinha, ser\u00e1 <span style=\"text-decoration: underline\">em frente \u00e0 C\u00e2mara Municipal de Almeirim, entre as 14:00h e as 16:00h do dia 12 de janeiro<\/span>.<\/p>\n<p style=\"text-align: justify\"><a href=\"https:\/\/drive.google.com\/file\/d\/1b5EpAtnHMbIVlUJdgxIFW3YL_nuwXe_T\/view?usp=sharing\" target=\"_blank\">ler nota de imprensa\u00a0<\/a> \u00a0 \u00a0 \u00a0<a href=\"https:\/\/drive.google.com\/file\/d\/1boj5vClqmUeBqfMS-fj4wzPydNmnZjX6\/view?usp=sharing\" target=\"_blank\">ver pr\u00e9-aviso de greve<\/a><\/p>\n","protected":false},"excerpt":{"rendered":"<p>Os Trabalhadores da SUMOL+COMPAL deliberaram, nos plen\u00e1rios que realizaram nas unidades fabris de Almeirim e Pombal, emitir um pr\u00e9-aviso de greve para o dia 12 de janeiro de 2022, com concentra\u00e7\u00f5es \u00e0 porta das f\u00e1bricas de Pombal e Almeirim, e &hellip; <a href=\"https:\/\/sindicatos.cgtp.pt\/sintab\/greve-dos-trabalhadores-da-sumolcompal-nota-de-imprensa\/\">Continuar a ler <span class=\"meta-nav\">&rarr;<\/span><\/a><\/p>\n","protected":false},"author":29,"featured_media":0,"comment_status":"closed","ping_status":"open","sticky":false,"template":"","format":"standard","meta":{"footnotes":""},"categories":[1],"tags":[],"class_list":["post-1803","post","type-post","status-publish","format-standard","hentry","category-noticias"],"_links":{"self":[{"href":"https:\/\/sindicatos.cgtp.pt\/sintab\/wp-json\/wp\/v2\/posts\/1803","targetHints":{"allow":["GET"]}}],"collection":[{"href":"https:\/\/sindicatos.cgtp.pt\/sintab\/wp-json\/wp\/v2\/posts"}],"about":[{"href":"https:\/\/sindicatos.cgtp.pt\/sintab\/wp-json\/wp\/v2\/types\/post"}],"author":[{"embeddable":true,"href":"https:\/\/sindicatos.cgtp.pt\/sintab\/wp-json\/wp\/v2\/users\/29"}],"replies":[{"embeddable":true,"href":"https:\/\/sindicatos.cgtp.pt\/sintab\/wp-json\/wp\/v2\/comments?post=1803"}],"version-history":[{"count":1,"href":"https:\/\/sindicatos.cgtp.pt\/sintab\/wp-json\/wp\/v2\/posts\/1803\/revisions"}],"predecessor-version":[{"id":1804,"href":"https:\/\/sindicatos.cgtp.pt\/sintab\/wp-json\/wp\/v2\/posts\/1803\/revisions\/1804"}],"wp:attachment":[{"href":"https:\/\/sindicatos.cgtp.pt\/sintab\/wp-json\/wp\/v2\/media?parent=1803"}],"wp:term":[{"taxonomy":"category","embeddable":true,"href":"https:\/\/sindicatos.cgtp.pt\/sintab\/wp-json\/wp\/v2\/categories?post=1803"},{"taxonomy":"post_tag","embeddable":true,"href":"https:\/\/sindicatos.cgtp.pt\/sintab\/wp-json\/wp\/v2\/tags?post=1803"}],"curies":[{"name":"wp","href":"https:\/\/api.w.org\/{rel}","templated":true}]}}