{"id":1906,"date":"2022-09-29T11:34:36","date_gmt":"2022-09-29T11:34:36","guid":{"rendered":"http:\/\/sindicatos.cgtp.pt\/sintab\/?p=1906"},"modified":"2022-09-29T11:34:36","modified_gmt":"2022-09-29T11:34:36","slug":"trabalhadores-dos-silos-de-leixoes-em-greve-ao-trabalho-suplementar","status":"publish","type":"post","link":"https:\/\/sindicatos.cgtp.pt\/sintab\/trabalhadores-dos-silos-de-leixoes-em-greve-ao-trabalho-suplementar\/","title":{"rendered":"Trabalhadores dos Silos de Leix\u00f5es em greve ao trabalho suplementar"},"content":{"rendered":"<p>Os Trabalhadores dos SILOS de LEIX\u00d5ES reuniram-se em plen\u00e1rio e decidiram declarar greve a todo o tipo de trabalho suplementar por tempo indeterminado.<\/p>\n<p>Esta \u00e9 uma a\u00e7\u00e3o de protesto que se enquadra na luta destes Trabalhadores pelo direito \u00e0 contrata\u00e7\u00e3o coletiva, depois de a empresa ter feito caducar a anterior e se opor \u00e0 aplica\u00e7\u00e3o de qualquer outra ou \u00e0 negocia\u00e7\u00e3o de nova.<\/p>\n<p>Por essa via, a empresa, que j\u00e1 pagou a presta\u00e7\u00e3o de trabalho suplementar, em dia des descanso ou feriado, com acr\u00e9scimo de 200%, ou seja, o triplo do valor normal, remete-se agora \u00e0 aplica\u00e7\u00e3o do C\u00f3digo do Trabalho que apenas determina o acr\u00e9scimo de 50% do valor hora normal.<\/p>\n<p>\u00c9 importante lembrar que a empresa SILOS DE LEIX\u00d5ES esteve 12 anos sem processar qualquer aumento salarial, descaracterizando por completo o poder de compra destes trabalhadores.<\/p>\n<p>Os Trabalhadores decidiram ainda manter a luta reivindicativa por melhores sal\u00e1rios e melhores condi\u00e7\u00f5es de trabalho, aproveitando o m\u00eas de a\u00e7\u00e3o e luta definido pela CGTP que culmina com a manifesta\u00e7\u00e3o nacional, em Lisboa e no Porto, no dia 15 de outubro.<\/p>\n<p><img loading=\"lazy\" decoding=\"async\" class=\"alignleft size-large wp-image-1847\" alt=\"silos\" src=\"https:\/\/sindicatos.cgtp.pt\/sintab\/wp-content\/blogs.dir\/39\/files\/sites\/39\/2022\/06\/silos-800x800.png\" width=\"584\" height=\"584\" srcset=\"https:\/\/sindicatos.cgtp.pt\/sintab\/wp-content\/blogs.dir\/39\/files\/sites\/39\/2022\/06\/silos-800x800.png 800w, https:\/\/sindicatos.cgtp.pt\/sintab\/wp-content\/blogs.dir\/39\/files\/sites\/39\/2022\/06\/silos-120x120.png 120w, https:\/\/sindicatos.cgtp.pt\/sintab\/wp-content\/blogs.dir\/39\/files\/sites\/39\/2022\/06\/silos-240x240.png 240w, https:\/\/sindicatos.cgtp.pt\/sintab\/wp-content\/blogs.dir\/39\/files\/sites\/39\/2022\/06\/silos-300x300.png 300w, https:\/\/sindicatos.cgtp.pt\/sintab\/wp-content\/blogs.dir\/39\/files\/sites\/39\/2022\/06\/silos.png 1080w\" sizes=\"auto, (max-width: 584px) 100vw, 584px\" \/><\/p>\n<p><a href=\"https:\/\/drive.google.com\/file\/d\/1fAy5D-ZvH030Qwr5iL8KTWZyGXe_GSAK\/view?usp=sharing\" target=\"_blank\">ler em pdf<\/a>\u00a0 \u00a0 \u00a0 \u00a0 \u00a0\u00a0<a href=\"https:\/\/drive.google.com\/file\/d\/16201JwqMXh5O-lECAO--8NRd23YnsuRN\/view?usp=sharing\" target=\"_blank\">ver pr\u00e9-aviso<\/a><\/p>\n","protected":false},"excerpt":{"rendered":"<p>Os Trabalhadores dos SILOS de LEIX\u00d5ES reuniram-se em plen\u00e1rio e decidiram declarar greve a todo o tipo de trabalho suplementar por tempo indeterminado. Esta \u00e9 uma a\u00e7\u00e3o de protesto que se enquadra na luta destes Trabalhadores pelo direito \u00e0 contrata\u00e7\u00e3o &hellip; <a href=\"https:\/\/sindicatos.cgtp.pt\/sintab\/trabalhadores-dos-silos-de-leixoes-em-greve-ao-trabalho-suplementar\/\">Continuar a ler <span class=\"meta-nav\">&rarr;<\/span><\/a><\/p>\n","protected":false},"author":29,"featured_media":0,"comment_status":"closed","ping_status":"open","sticky":false,"template":"","format":"standard","meta":{"footnotes":""},"categories":[1],"tags":[],"class_list":["post-1906","post","type-post","status-publish","format-standard","hentry","category-noticias"],"_links":{"self":[{"href":"https:\/\/sindicatos.cgtp.pt\/sintab\/wp-json\/wp\/v2\/posts\/1906","targetHints":{"allow":["GET"]}}],"collection":[{"href":"https:\/\/sindicatos.cgtp.pt\/sintab\/wp-json\/wp\/v2\/posts"}],"about":[{"href":"https:\/\/sindicatos.cgtp.pt\/sintab\/wp-json\/wp\/v2\/types\/post"}],"author":[{"embeddable":true,"href":"https:\/\/sindicatos.cgtp.pt\/sintab\/wp-json\/wp\/v2\/users\/29"}],"replies":[{"embeddable":true,"href":"https:\/\/sindicatos.cgtp.pt\/sintab\/wp-json\/wp\/v2\/comments?post=1906"}],"version-history":[{"count":1,"href":"https:\/\/sindicatos.cgtp.pt\/sintab\/wp-json\/wp\/v2\/posts\/1906\/revisions"}],"predecessor-version":[{"id":1907,"href":"https:\/\/sindicatos.cgtp.pt\/sintab\/wp-json\/wp\/v2\/posts\/1906\/revisions\/1907"}],"wp:attachment":[{"href":"https:\/\/sindicatos.cgtp.pt\/sintab\/wp-json\/wp\/v2\/media?parent=1906"}],"wp:term":[{"taxonomy":"category","embeddable":true,"href":"https:\/\/sindicatos.cgtp.pt\/sintab\/wp-json\/wp\/v2\/categories?post=1906"},{"taxonomy":"post_tag","embeddable":true,"href":"https:\/\/sindicatos.cgtp.pt\/sintab\/wp-json\/wp\/v2\/tags?post=1906"}],"curies":[{"name":"wp","href":"https:\/\/api.w.org\/{rel}","templated":true}]}}