{"id":2052,"date":"2024-04-23T08:00:29","date_gmt":"2024-04-23T08:00:29","guid":{"rendered":"http:\/\/sindicatos.cgtp.pt\/sintab\/?p=2052"},"modified":"2024-04-22T16:14:46","modified_gmt":"2024-04-22T16:14:46","slug":"patroes-das-conservas-de-peixe-apostam-na-descaracterizacao-social-da-forca-de-trabalho-nota-de-imprensa","status":"publish","type":"post","link":"https:\/\/sindicatos.cgtp.pt\/sintab\/patroes-das-conservas-de-peixe-apostam-na-descaracterizacao-social-da-forca-de-trabalho-nota-de-imprensa\/","title":{"rendered":"Patr\u00f5es das Conservas de peixe apostam na descaracteriza\u00e7\u00e3o social da for\u00e7a de trabalho &#8211; NOTA DE IMPRENSA"},"content":{"rendered":"<p style=\"text-align: justify\">O SINTAB denuncia a tentativa de transforma\u00e7\u00e3o do tra\u00e7o social e pol\u00edtico dos Trabalhadores da ind\u00fastria conserveira por parte dos patr\u00f5es.<\/p>\n<p style=\"text-align: justify\">Os \u00faltimos meses t\u00eam decorrido em cima de iniciativas patronais de ataque \u00e0 contrata\u00e7\u00e3o coletiva e todos os direitos nela constantes, e despedimentos sob pretexto de falsas justifica\u00e7\u00f5es de crise, em simult\u00e2neo com a arrecada\u00e7\u00e3o de lucros como nunca antes, como assumido diversas vezes.<\/p>\n<p style=\"text-align: justify\"><img loading=\"lazy\" decoding=\"async\" class=\"alignleft size-large wp-image-2053\" alt=\"WhatsApp Image 2024-04-22 at 17.05.23\" src=\"https:\/\/sindicatos.cgtp.pt\/sintab\/wp-content\/blogs.dir\/39\/files\/sites\/39\/2024\/04\/WhatsApp-Image-2024-04-22-at-17.05.23-800x368.jpeg\" width=\"584\" height=\"268\" srcset=\"https:\/\/sindicatos.cgtp.pt\/sintab\/wp-content\/blogs.dir\/39\/files\/sites\/39\/2024\/04\/WhatsApp-Image-2024-04-22-at-17.05.23-800x368.jpeg 800w, https:\/\/sindicatos.cgtp.pt\/sintab\/wp-content\/blogs.dir\/39\/files\/sites\/39\/2024\/04\/WhatsApp-Image-2024-04-22-at-17.05.23-240x110.jpeg 240w, https:\/\/sindicatos.cgtp.pt\/sintab\/wp-content\/blogs.dir\/39\/files\/sites\/39\/2024\/04\/WhatsApp-Image-2024-04-22-at-17.05.23-500x230.jpeg 500w, https:\/\/sindicatos.cgtp.pt\/sintab\/wp-content\/blogs.dir\/39\/files\/sites\/39\/2024\/04\/WhatsApp-Image-2024-04-22-at-17.05.23.jpeg 1600w\" sizes=\"auto, (max-width: 584px) 100vw, 584px\" \/><\/p>\n<p style=\"text-align: justify\">A ind\u00fastria conserveira sempre se apoiou, de forma inequ\u00edvoca, nas caracter\u00edsticas do povo das comunidades piscat\u00f3rias, fomentando uma simbiose inigual\u00e1vel, por fomentar a intera\u00e7\u00e3o de setores a montante e a jusante da frota do cerco, aproveitando a viv\u00eancia das pessoas e o seu conhecimento no ramo, muito tamb\u00e9m pela necessidade de m\u00e3o de obra intensiva de que ainda hoje necessita.<\/p>\n<p style=\"text-align: justify\">Foi nesta premissa social e cultural que, em todas as zonas de alta densidade da ind\u00fastria conserveira, se foram construindo d\u00e9cadas de hist\u00f3ria. Hist\u00f3rias de transforma\u00e7\u00e3o econ\u00f3mica regional quase sempre alavancadas pela iniciativa reivindicativa de gente t\u00e3o peculiar.<\/p>\n<p style=\"text-align: justify\">\u00c9 precisamente este principal tra\u00e7o que os patr\u00f5es da ind\u00fastria tentam agora apagar.<\/p>\n<p style=\"text-align: justify\">Se, na recente iniciativa de Consagra\u00e7\u00e3o do Dia Nacional da Conservas de Peixe pela Assembleia da Rep\u00fablica, por iniciativa da ANICP, assistimos a uma total invers\u00e3o de pressupostos, fazendo crer que a ind\u00fastria \u00e9 que contribuiu para os h\u00e1bitos alimentares do Pa\u00eds e n\u00e3o o contr\u00e1rio, e apagando totalmente a alus\u00e3o \u00e0s iniciativas revolucion\u00e1rias dos Trabalhadores, maioritariamente mulheres, que contribu\u00edram de forma s\u00e9ria para o combate \u00e0 discrimina\u00e7\u00e3o salarial de g\u00e9nero, os Patr\u00f5es debru\u00e7am-se agora sobre aquilo que acreditam ser uma letargia generalizada do povo para proceder \u00e0 transforma\u00e7\u00e3o social do coletivo de trabalho das suas f\u00e1bricas.<\/p>\n<p style=\"text-align: justify\">Numa r\u00e1pida aprecia\u00e7\u00e3o \u00e0 realidade das maiores f\u00e1bricas da ind\u00fastria das conservas de peixe em Portugal, podemos observar v\u00e1rios eixos de transforma\u00e7\u00e3o:<\/p>\n<ul style=\"text-align: justify\">\n<li>Aliena\u00e7\u00e3o do patrim\u00f3nio nacional produtivo das conservas de peixe por via da venda do capital a investidores estrangeiros, sobretudo Espanh\u00f3is, que entendem e aproveitam o potencial de rendimento e lucro associado a uma ind\u00fastria que se apoia em tra\u00e7os culturais e h\u00e1bitos de alimenta\u00e7\u00e3o saud\u00e1veis;<\/li>\n<\/ul>\n<ul style=\"text-align: justify\">\n<li>Altera\u00e7\u00e3o do tra\u00e7o social, pol\u00edtico e econ\u00f3mico do universo de Trabalhadores por via do recurso \u00e0 subcontrata\u00e7\u00e3o sem motivos que o validem, da assun\u00e7\u00e3o plena da pol\u00edtica de sal\u00e1rio m\u00ednimo (que abrange j\u00e1 praticamente a totalidade dos trabalhadores), e ainda da precariza\u00e7\u00e3o dos v\u00ednculos laborais;<\/li>\n<\/ul>\n<p style=\"text-align: justify\">Esta movimenta\u00e7\u00e3o organizada de todos os Patr\u00f5es leva j\u00e1 alguns anos de prepara\u00e7\u00e3o e avan\u00e7o, aproveitando tamb\u00e9m o facto de os propriet\u00e1rios, quer por via da sucess\u00e3o geracional, quer pela venda a capital estrangeiro, n\u00e3o possu\u00edrem hoje quaisquer compromissos de equil\u00edbrio social com os seus Trabalhadores ou rosto p\u00fablico para manter, e assumiu recentemente especial empenho no ataque \u00e0 contrata\u00e7\u00e3o coletiva do setor.<\/p>\n<p style=\"text-align: justify\">Com efeito, a \u00faltima ofensiva dos patr\u00f5es da ind\u00fastria conserveira assenta na tentativa de descaracteriza\u00e7\u00e3o dos hor\u00e1rios de trabalho, em tentativa descarada de for\u00e7ar o recurso ao trabalho noturno, uma realidade historicamente arredada do setor.<\/p>\n<p style=\"text-align: justify\">Esta ofensiva tem assumido contornos de chantagem, assumindo capacidade financeira para o consider\u00e1vel refor\u00e7o salarial dos seus Trabalhadores, mas apenas e s\u00f3 por troca com a perda de direitos, numa l\u00f3gica corruptiva da normal evolu\u00e7\u00e3o social.<\/p>\n<p style=\"text-align: justify\">Nas iniciativas de negocia\u00e7\u00e3o, os respons\u00e1veis da associa\u00e7\u00e3o patronal (ANICP) t\u00eam afirmado, de forma clara, capacidade para melhoria dos sal\u00e1rios de forma consider\u00e1vel desde que em ced\u00eancia de direitos.<\/p>\n<p style=\"text-align: justify\">\u00c9 tamb\u00e9m por isso que se considera c\u00ednica, absurda e ofensiva a recente iniciativa de despedimento coletivo na GENCOAL, conserveira exportadora em Vila do Conde, recentemente tornada p\u00fablica, com incid\u00eancia seletiva.<\/p>\n<p style=\"text-align: justify\">Este \u00e9, portanto, um cen\u00e1rio de maior coragem dos patr\u00f5es no ataque aos direitos dos Trabalhadores, convencidos de um cen\u00e1rio de falta de iniciativa reivindicativa e capacidade de resist\u00eancia dos Trabalhadores que, em boa verdade, apenas se verifica naquelas onde n\u00e3o h\u00e1, ainda, organiza\u00e7\u00e3o sindical ou, havendo, \u00e9 mal conduzida e organizada.<\/p>\n<p style=\"text-align: justify\">A resposta a tamanho ataque aos Trabalhadores, \u00e0 sua dignidade, e \u00e0 sua subsist\u00eancia, reside na organiza\u00e7\u00e3o coletiva, por via da sindicaliza\u00e7\u00e3o e ativa\u00e7\u00e3o do esp\u00edrito reivindicativo.<\/p>\n<p style=\"text-align: justify\">\u00c9 urgente avan\u00e7ar na contraofensiva que n\u00e3o s\u00f3 defende os direitos dos Trabalhadores perante este ataque dos patr\u00f5es, como potencia a conquista de melhores condi\u00e7\u00f5es de trabalho, mais direitos, e melhores sal\u00e1rios.<\/p>\n<p style=\"text-align: justify\">\u00c9 na sindicaliza\u00e7\u00e3o que est\u00e1 o ponto de viragem para o cen\u00e1rio atual adverso do setor das conservas de peixe.<\/p>\n<p><a title=\"ler o documento em formato pdf\" href=\"https:\/\/drive.google.com\/file\/d\/16Ew2j5yZOj4FAh1TOpMzvuDcbedUEtlK\/view?usp=sharing\" target=\"_blank\">ler em pdf<\/a><\/p>\n","protected":false},"excerpt":{"rendered":"<p>O SINTAB denuncia a tentativa de transforma\u00e7\u00e3o do tra\u00e7o social e pol\u00edtico dos Trabalhadores da ind\u00fastria conserveira por parte dos patr\u00f5es. Os \u00faltimos meses t\u00eam decorrido em cima de iniciativas patronais de ataque \u00e0 contrata\u00e7\u00e3o coletiva e todos os direitos &hellip; <a href=\"https:\/\/sindicatos.cgtp.pt\/sintab\/patroes-das-conservas-de-peixe-apostam-na-descaracterizacao-social-da-forca-de-trabalho-nota-de-imprensa\/\">Continuar a ler <span class=\"meta-nav\">&rarr;<\/span><\/a><\/p>\n","protected":false},"author":29,"featured_media":0,"comment_status":"closed","ping_status":"open","sticky":false,"template":"","format":"standard","meta":{"footnotes":""},"categories":[1],"tags":[],"class_list":["post-2052","post","type-post","status-publish","format-standard","hentry","category-noticias"],"_links":{"self":[{"href":"https:\/\/sindicatos.cgtp.pt\/sintab\/wp-json\/wp\/v2\/posts\/2052","targetHints":{"allow":["GET"]}}],"collection":[{"href":"https:\/\/sindicatos.cgtp.pt\/sintab\/wp-json\/wp\/v2\/posts"}],"about":[{"href":"https:\/\/sindicatos.cgtp.pt\/sintab\/wp-json\/wp\/v2\/types\/post"}],"author":[{"embeddable":true,"href":"https:\/\/sindicatos.cgtp.pt\/sintab\/wp-json\/wp\/v2\/users\/29"}],"replies":[{"embeddable":true,"href":"https:\/\/sindicatos.cgtp.pt\/sintab\/wp-json\/wp\/v2\/comments?post=2052"}],"version-history":[{"count":2,"href":"https:\/\/sindicatos.cgtp.pt\/sintab\/wp-json\/wp\/v2\/posts\/2052\/revisions"}],"predecessor-version":[{"id":2055,"href":"https:\/\/sindicatos.cgtp.pt\/sintab\/wp-json\/wp\/v2\/posts\/2052\/revisions\/2055"}],"wp:attachment":[{"href":"https:\/\/sindicatos.cgtp.pt\/sintab\/wp-json\/wp\/v2\/media?parent=2052"}],"wp:term":[{"taxonomy":"category","embeddable":true,"href":"https:\/\/sindicatos.cgtp.pt\/sintab\/wp-json\/wp\/v2\/categories?post=2052"},{"taxonomy":"post_tag","embeddable":true,"href":"https:\/\/sindicatos.cgtp.pt\/sintab\/wp-json\/wp\/v2\/tags?post=2052"}],"curies":[{"name":"wp","href":"https:\/\/api.w.org\/{rel}","templated":true}]}}