{"id":2077,"date":"2024-09-24T11:48:17","date_gmt":"2024-09-24T11:48:17","guid":{"rendered":"http:\/\/sindicatos.cgtp.pt\/sintab\/?p=2077"},"modified":"2024-09-26T13:43:58","modified_gmt":"2024-09-26T13:43:58","slug":"novas-tabelas-salariais-na-panificacao-e-pastelaria-norte-e-centro","status":"publish","type":"post","link":"https:\/\/sindicatos.cgtp.pt\/sintab\/novas-tabelas-salariais-na-panificacao-e-pastelaria-norte-e-centro\/","title":{"rendered":"Novas tabelas salariais na panifica\u00e7\u00e3o e pastelaria (Norte e Centro)"},"content":{"rendered":"<p style=\"text-align: justify\">Foi assinado, este m\u00eas, entre a Federa\u00e7\u00e3o Sindical e as Associa\u00e7\u00f5es patronais, um acordo de atualiza\u00e7\u00e3o do contrato coletivo que regula o setor da panifica\u00e7\u00e3o e pastelaria, resultando na atualiza\u00e7\u00e3o das tabelas salariais e restantes cl\u00e1usulas de express\u00e3o pecuni\u00e1ria.<\/p>\n<p style=\"text-align: justify\"><img loading=\"lazy\" decoding=\"async\" class=\"alignleft size-large wp-image-2080\" alt=\"WhatsApp Image 2024-09-24 at 12.34.38\" src=\"https:\/\/sindicatos.cgtp.pt\/sintab\/wp-content\/blogs.dir\/39\/files\/sites\/39\/2024\/09\/WhatsApp-Image-2024-09-24-at-12.34.38-566x800.jpeg\" width=\"566\" height=\"800\" srcset=\"https:\/\/sindicatos.cgtp.pt\/sintab\/wp-content\/blogs.dir\/39\/files\/sites\/39\/2024\/09\/WhatsApp-Image-2024-09-24-at-12.34.38-566x800.jpeg 566w, https:\/\/sindicatos.cgtp.pt\/sintab\/wp-content\/blogs.dir\/39\/files\/sites\/39\/2024\/09\/WhatsApp-Image-2024-09-24-at-12.34.38-169x240.jpeg 169w, https:\/\/sindicatos.cgtp.pt\/sintab\/wp-content\/blogs.dir\/39\/files\/sites\/39\/2024\/09\/WhatsApp-Image-2024-09-24-at-12.34.38-212x300.jpeg 212w, https:\/\/sindicatos.cgtp.pt\/sintab\/wp-content\/blogs.dir\/39\/files\/sites\/39\/2024\/09\/WhatsApp-Image-2024-09-24-at-12.34.38.jpeg 1190w\" sizes=\"auto, (max-width: 566px) 100vw, 566px\" \/><\/p>\n<p style=\"text-align: justify\">FESAHT E AIPAN\/ACIP acordaram assim, com efeitos retroativos a 1 de setembro, aumentos salariais para todos os Trabalhadores do setor, bem como o direito a 23 dias \u00fateis de f\u00e9rias, sem restri\u00e7\u00f5es, e ainda a atualiza\u00e7\u00e3o do subs\u00eddio de refei\u00e7\u00e3o para 5\u20ac por dia.<\/p>\n<p style=\"text-align: justify\">Assegura j\u00e1 a atualiza\u00e7\u00e3o do teu sal\u00e1rio e dos teus direitos, sindicalizando-te, garantindo tamb\u00e9m, dessa forma, o refor\u00e7o da tua representatividade em futuras a\u00e7\u00f5es reivindicativas.<\/p>\n<p style=\"text-align: center\" align=\"center\"><strong>S\u00d3 A UNI\u00c3O DOS TRABALHADORES CONSEGUE MELHORAR E REFOR\u00c7AR SAL\u00c1RIOS E DIREITOS<\/strong><\/p>\n<p style=\"text-align: center\" align=\"center\"><strong><i>SINDICALIZA-TE\u2026 E SINDICALIZA OS TEUS COMPANHEIROS DE TRABALHO!<\/i><\/strong><\/p>\n<p style=\"text-align: justify\" align=\"center\"><a href=\"https:\/\/drive.google.com\/file\/d\/1FcEAHcCLqQZqG255xMGgWBAVD8oPHJx4\/view?usp=sharing\" target=\"_blank\">Tabela salarial Norte em pdf<\/a>\u00a0 \u00a0 \u00a0 \u00a0<a href=\"https:\/\/drive.google.com\/file\/d\/1FESl7yq2v96PEhi1MYLrEycIpCxmqvy8\/view?usp=sharing\" target=\"_blank\">Tabela salarial\u00a0Centro em pdf<\/a><\/p>\n","protected":false},"excerpt":{"rendered":"<p>Foi assinado, este m\u00eas, entre a Federa\u00e7\u00e3o Sindical e as Associa\u00e7\u00f5es patronais, um acordo de atualiza\u00e7\u00e3o do contrato coletivo que regula o setor da panifica\u00e7\u00e3o e pastelaria, resultando na atualiza\u00e7\u00e3o das tabelas salariais e restantes cl\u00e1usulas de express\u00e3o pecuni\u00e1ria. FESAHT &hellip; <a href=\"https:\/\/sindicatos.cgtp.pt\/sintab\/novas-tabelas-salariais-na-panificacao-e-pastelaria-norte-e-centro\/\">Continuar a ler <span class=\"meta-nav\">&rarr;<\/span><\/a><\/p>\n","protected":false},"author":29,"featured_media":0,"comment_status":"closed","ping_status":"open","sticky":false,"template":"","format":"standard","meta":{"footnotes":""},"categories":[1],"tags":[],"class_list":["post-2077","post","type-post","status-publish","format-standard","hentry","category-noticias"],"_links":{"self":[{"href":"https:\/\/sindicatos.cgtp.pt\/sintab\/wp-json\/wp\/v2\/posts\/2077","targetHints":{"allow":["GET"]}}],"collection":[{"href":"https:\/\/sindicatos.cgtp.pt\/sintab\/wp-json\/wp\/v2\/posts"}],"about":[{"href":"https:\/\/sindicatos.cgtp.pt\/sintab\/wp-json\/wp\/v2\/types\/post"}],"author":[{"embeddable":true,"href":"https:\/\/sindicatos.cgtp.pt\/sintab\/wp-json\/wp\/v2\/users\/29"}],"replies":[{"embeddable":true,"href":"https:\/\/sindicatos.cgtp.pt\/sintab\/wp-json\/wp\/v2\/comments?post=2077"}],"version-history":[{"count":2,"href":"https:\/\/sindicatos.cgtp.pt\/sintab\/wp-json\/wp\/v2\/posts\/2077\/revisions"}],"predecessor-version":[{"id":2081,"href":"https:\/\/sindicatos.cgtp.pt\/sintab\/wp-json\/wp\/v2\/posts\/2077\/revisions\/2081"}],"wp:attachment":[{"href":"https:\/\/sindicatos.cgtp.pt\/sintab\/wp-json\/wp\/v2\/media?parent=2077"}],"wp:term":[{"taxonomy":"category","embeddable":true,"href":"https:\/\/sindicatos.cgtp.pt\/sintab\/wp-json\/wp\/v2\/categories?post=2077"},{"taxonomy":"post_tag","embeddable":true,"href":"https:\/\/sindicatos.cgtp.pt\/sintab\/wp-json\/wp\/v2\/tags?post=2077"}],"curies":[{"name":"wp","href":"https:\/\/api.w.org\/{rel}","templated":true}]}}