{"id":2180,"date":"2026-07-14T13:46:47","date_gmt":"2026-07-14T13:46:47","guid":{"rendered":"https:\/\/sindicatos.cgtp.pt\/sintab\/?p=2180"},"modified":"2026-07-14T13:46:47","modified_gmt":"2026-07-14T13:46:47","slug":"trabalhadores-da-servigaia-conquistam-aumento-salarial-apos-ameaca-de-greve-ao-trabalho-suplementar","status":"publish","type":"post","link":"https:\/\/sindicatos.cgtp.pt\/sintab\/trabalhadores-da-servigaia-conquistam-aumento-salarial-apos-ameaca-de-greve-ao-trabalho-suplementar\/","title":{"rendered":"Trabalhadores da SERVIGAIA conquistam aumento salarial ap\u00f3s amea\u00e7a de greve ao trabalho suplementar."},"content":{"rendered":"\n<p>O SINTAB informa que foi alcan\u00e7ado um acordo com a SERVIGAIA \u2013 Presta\u00e7\u00e3o de Servi\u00e7os e Manuten\u00e7\u00e3o Industrial, Lda., para a revis\u00e3o das condi\u00e7\u00f5es remunerat\u00f3rias dos trabalhadores que prestam servi\u00e7o nas instala\u00e7\u00f5es da Super Bock, em Le\u00e7a do Balio, pondo termo ao processo reivindicativo relativo a 2026.<\/p>\n\n\n\n<p>Depois de v\u00e1rios meses de negocia\u00e7\u00f5es, marcadas pela resist\u00eancia da administra\u00e7\u00e3o em responder \u00e0s justas reivindica\u00e7\u00f5es dos trabalhadores, foi a unidade e a determina\u00e7\u00e3o demonstradas pelos Trabalhadores em plen\u00e1rio que permitiram desbloquear o processo.<\/p>\n\n\n\n<figure class=\"wp-block-image size-large\"><img loading=\"lazy\" decoding=\"async\" width=\"800\" height=\"360\" src=\"https:\/\/sindicatos.cgtp.pt\/sintab\/wp-content\/blogs.dir\/39\/files\/sites\/39\/2026\/07\/733747148_1459071529594999_1847192756710443081_n-800x360.jpg\" alt=\"\" class=\"wp-image-2181\" srcset=\"https:\/\/sindicatos.cgtp.pt\/sintab\/wp-content\/blogs.dir\/39\/files\/sites\/39\/2026\/07\/733747148_1459071529594999_1847192756710443081_n-800x360.jpg 800w, https:\/\/sindicatos.cgtp.pt\/sintab\/wp-content\/blogs.dir\/39\/files\/sites\/39\/2026\/07\/733747148_1459071529594999_1847192756710443081_n-240x108.jpg 240w, https:\/\/sindicatos.cgtp.pt\/sintab\/wp-content\/blogs.dir\/39\/files\/sites\/39\/2026\/07\/733747148_1459071529594999_1847192756710443081_n-768x346.jpg 768w, https:\/\/sindicatos.cgtp.pt\/sintab\/wp-content\/blogs.dir\/39\/files\/sites\/39\/2026\/07\/733747148_1459071529594999_1847192756710443081_n-1536x692.jpg 1536w, https:\/\/sindicatos.cgtp.pt\/sintab\/wp-content\/blogs.dir\/39\/files\/sites\/39\/2026\/07\/733747148_1459071529594999_1847192756710443081_n-500x225.jpg 500w, https:\/\/sindicatos.cgtp.pt\/sintab\/wp-content\/blogs.dir\/39\/files\/sites\/39\/2026\/07\/733747148_1459071529594999_1847192756710443081_n.jpg 2048w\" sizes=\"auto, (max-width: 800px) 100vw, 800px\" \/><\/figure>\n\n\n\n<p>Perante a aus\u00eancia de uma proposta satisfat\u00f3ria, os trabalhadores decidiram avan\u00e7ar com uma greve ao trabalho suplementar. Bastou essa demonstra\u00e7\u00e3o de disponibilidade para lutar para que a empresa alterasse a sua postura e aceitasse melhorar significativamente a proposta apresentada, tornando poss\u00edvel alcan\u00e7ar um acordo, nos seguintes termos:<\/p>\n\n\n\n<ul class=\"wp-block-list\">\n<li>Aumento de 80 euros no sal\u00e1rio base mensal de todos os trabalhadores, com efeitos retroativos a janeiro de 2026;<\/li>\n<\/ul>\n\n\n\n<ul class=\"wp-block-list\">\n<li>A atualiza\u00e7\u00e3o do subs\u00eddio de refei\u00e7\u00e3o para 9,95 euros por dia, com efeitos a abril de 2026, assegurando resposta ao pre\u00e7o mais caro praticado pela cantina da Super Bock.<\/li>\n<\/ul>\n\n\n\n<p>Este resultado demonstra, uma vez mais, que nenhum patr\u00e3o oferece aquilo que pode evitar pagar, sendo sempre a organiza\u00e7\u00e3o, a unidade e a luta dos trabalhadores que conquistam melhores sal\u00e1rios e melhores condi\u00e7\u00f5es de trabalho.<\/p>\n\n\n\n<p>A SERVIGAIA s\u00f3 avan\u00e7ou nas suas propostas quando percebeu que os trabalhadores estavam determinados a utilizar a for\u00e7a que possuem: a for\u00e7a do seu trabalho e da sua a\u00e7\u00e3o coletiva.<\/p>\n\n\n\n<p>Esta vit\u00f3ria pertence, em primeiro lugar, aos trabalhadores da SERVIGAIA. Aos que participaram nos plen\u00e1rios, aos que recusaram resignar-se, aos que estiveram preparados para lutar e demonstraram que a solidariedade entre colegas \u00e9 sempre mais forte do que qualquer tentativa de resist\u00eancia patronal.<\/p>\n\n\n\n<p>O SINTAB sa\u00fada todos os trabalhadores pela firmeza demonstrada ao longo deste processo e reafirma o seu compromisso de continuar a organizar, defender e lutar pelos direitos de todos os que trabalham.<\/p>\n\n\n\n<p>Porque a experi\u00eancia volta a confirmar que quando os trabalhadores lutam unidos, tudo conquistam.<\/p>\n\n\n\n<p>A Dire\u00e7\u00e3o Nacional.<\/p>\n","protected":false},"excerpt":{"rendered":"<p>O SINTAB informa que foi alcan\u00e7ado um acordo com a SERVIGAIA \u2013 Presta\u00e7\u00e3o de Servi\u00e7os e Manuten\u00e7\u00e3o Industrial, Lda., para a revis\u00e3o das condi\u00e7\u00f5es remunerat\u00f3rias dos trabalhadores que prestam servi\u00e7o nas instala\u00e7\u00f5es da Super Bock, em Le\u00e7a do Balio, pondo &hellip; <a href=\"https:\/\/sindicatos.cgtp.pt\/sintab\/trabalhadores-da-servigaia-conquistam-aumento-salarial-apos-ameaca-de-greve-ao-trabalho-suplementar\/\">Continuar a ler <span class=\"meta-nav\">&rarr;<\/span><\/a><\/p>\n","protected":false},"author":29,"featured_media":0,"comment_status":"closed","ping_status":"open","sticky":false,"template":"","format":"standard","meta":{"footnotes":""},"categories":[1],"tags":[],"class_list":["post-2180","post","type-post","status-publish","format-standard","hentry","category-noticias"],"_links":{"self":[{"href":"https:\/\/sindicatos.cgtp.pt\/sintab\/wp-json\/wp\/v2\/posts\/2180","targetHints":{"allow":["GET"]}}],"collection":[{"href":"https:\/\/sindicatos.cgtp.pt\/sintab\/wp-json\/wp\/v2\/posts"}],"about":[{"href":"https:\/\/sindicatos.cgtp.pt\/sintab\/wp-json\/wp\/v2\/types\/post"}],"author":[{"embeddable":true,"href":"https:\/\/sindicatos.cgtp.pt\/sintab\/wp-json\/wp\/v2\/users\/29"}],"replies":[{"embeddable":true,"href":"https:\/\/sindicatos.cgtp.pt\/sintab\/wp-json\/wp\/v2\/comments?post=2180"}],"version-history":[{"count":1,"href":"https:\/\/sindicatos.cgtp.pt\/sintab\/wp-json\/wp\/v2\/posts\/2180\/revisions"}],"predecessor-version":[{"id":2182,"href":"https:\/\/sindicatos.cgtp.pt\/sintab\/wp-json\/wp\/v2\/posts\/2180\/revisions\/2182"}],"wp:attachment":[{"href":"https:\/\/sindicatos.cgtp.pt\/sintab\/wp-json\/wp\/v2\/media?parent=2180"}],"wp:term":[{"taxonomy":"category","embeddable":true,"href":"https:\/\/sindicatos.cgtp.pt\/sintab\/wp-json\/wp\/v2\/categories?post=2180"},{"taxonomy":"post_tag","embeddable":true,"href":"https:\/\/sindicatos.cgtp.pt\/sintab\/wp-json\/wp\/v2\/tags?post=2180"}],"curies":[{"name":"wp","href":"https:\/\/api.w.org\/{rel}","templated":true}]}}