{"id":828,"date":"2013-11-15T15:54:41","date_gmt":"2013-11-15T15:54:41","guid":{"rendered":"http:\/\/sindicatos.cgtp.pt\/sintab\/?p=828"},"modified":"2013-11-15T15:54:41","modified_gmt":"2013-11-15T15:54:41","slug":"comissao-de-reformados","status":"publish","type":"post","link":"https:\/\/sindicatos.cgtp.pt\/sintab\/comissao-de-reformados\/","title":{"rendered":"Comiss\u00e3o de Reformados"},"content":{"rendered":"<p><b>Somos um Sindicato<\/b> que representa os reformados e pensionistas dos sectores da Agricultura, Alimenta\u00e7\u00e3o, Bebidas e Tabacos, com uma abrang\u00eancia a diversos sub-sectores da actividade econ\u00f3mica.<br \/>\n<b>O SINTAB \u00e9 uma organiza\u00e7\u00e3o sindical <\/b>filiada na <b>CGTP-IN<\/b> \u2013 Confedera\u00e7\u00e3o Geral dos Trabalhadores Portugueses \u2013 Intersindical Nacional e, na <b>FESAHT<\/b> \u2013 Federa\u00e7\u00e3o de Sindicatos de Agricultura, Alimenta\u00e7\u00e3o, Bebidas, Hotelaria e Turismo de Portugal, com liga\u00e7\u00e3o \u00e0 Inter-Reformados.<\/p>\n<p>A Comiss\u00e3o de Reformados tem um secretariado que procura atrav\u00e9s de polos de contacto, estar o mais pr\u00f3ximo poss\u00edvel dos reformados e pensionistas, como forma de discutir os seus problemas e dinamizar as suas reivindica\u00e7\u00f5es na procura de melhores condi\u00e7\u00f5es de vida, zelando pelo cumprimento dos seus direitos.<\/p>\n<p><strong>SINDICALIZA-TE<\/strong><\/p>\n<ul>\n<li>\u00a0 Porque d\u00e1 mais for\u00e7a \u00e0 tua raz\u00e3o.<\/li>\n<li>\u00a0 O valor da quota mensal \u00e9 simb\u00f3lico \u201c1 euro\u201d<\/li>\n<li>\u00a0 Sindicalizado passas a ter benef\u00edcios fiscais, pois o valor da quota \u00e9 deduzida no IRS.<\/li>\n<li>\u00a0 Sindicalizado continuas a pertencer a um sindicato de classe, que na sua ac\u00e7\u00e3o tudo far\u00e1 para defender os direitos e os direitos dos reformados e pensionistas.<\/li>\n<li>\u00a0 Porque independentemente das dificuldades, o SINTAB n\u00e3o abdica de lutar pela melhoria de vida e pela actualiza\u00e7\u00e3o das pens\u00f5es e reformas.<\/li>\n<\/ul>\n<p><a href=\"https:\/\/sindicatos.cgtp.pt\/sintab\/wp-content\/blogs.dir\/39\/files\/sites\/39\/2013\/04\/Scan_Pic0067.jpg\"><img loading=\"lazy\" decoding=\"async\" alt=\"Ficha de Inscri\u00e7\u00e3o\" src=\"https:\/\/sindicatos.cgtp.pt\/sintab\/wp-content\/blogs.dir\/39\/files\/sites\/39\/2013\/04\/Scan_Pic0067-240x211.jpg\" width=\"240\" height=\"211\" \/><\/a><\/p>\n","protected":false},"excerpt":{"rendered":"<p>Somos um Sindicato que representa os reformados e pensionistas dos sectores da Agricultura, Alimenta\u00e7\u00e3o, Bebidas e Tabacos, com uma abrang\u00eancia a diversos sub-sectores da actividade econ\u00f3mica. O SINTAB \u00e9 uma organiza\u00e7\u00e3o sindical filiada na CGTP-IN \u2013 Confedera\u00e7\u00e3o Geral dos Trabalhadores &hellip; <a href=\"https:\/\/sindicatos.cgtp.pt\/sintab\/comissao-de-reformados\/\">Continuar a ler <span class=\"meta-nav\">&rarr;<\/span><\/a><\/p>\n","protected":false},"author":31,"featured_media":0,"comment_status":"closed","ping_status":"open","sticky":false,"template":"","format":"standard","meta":{"footnotes":""},"categories":[28],"tags":[],"class_list":["post-828","post","type-post","status-publish","format-standard","hentry","category-comissao-de-reformados"],"_links":{"self":[{"href":"https:\/\/sindicatos.cgtp.pt\/sintab\/wp-json\/wp\/v2\/posts\/828","targetHints":{"allow":["GET"]}}],"collection":[{"href":"https:\/\/sindicatos.cgtp.pt\/sintab\/wp-json\/wp\/v2\/posts"}],"about":[{"href":"https:\/\/sindicatos.cgtp.pt\/sintab\/wp-json\/wp\/v2\/types\/post"}],"author":[{"embeddable":true,"href":"https:\/\/sindicatos.cgtp.pt\/sintab\/wp-json\/wp\/v2\/users\/31"}],"replies":[{"embeddable":true,"href":"https:\/\/sindicatos.cgtp.pt\/sintab\/wp-json\/wp\/v2\/comments?post=828"}],"version-history":[{"count":1,"href":"https:\/\/sindicatos.cgtp.pt\/sintab\/wp-json\/wp\/v2\/posts\/828\/revisions"}],"predecessor-version":[{"id":829,"href":"https:\/\/sindicatos.cgtp.pt\/sintab\/wp-json\/wp\/v2\/posts\/828\/revisions\/829"}],"wp:attachment":[{"href":"https:\/\/sindicatos.cgtp.pt\/sintab\/wp-json\/wp\/v2\/media?parent=828"}],"wp:term":[{"taxonomy":"category","embeddable":true,"href":"https:\/\/sindicatos.cgtp.pt\/sintab\/wp-json\/wp\/v2\/categories?post=828"},{"taxonomy":"post_tag","embeddable":true,"href":"https:\/\/sindicatos.cgtp.pt\/sintab\/wp-json\/wp\/v2\/tags?post=828"}],"curies":[{"name":"wp","href":"https:\/\/api.w.org\/{rel}","templated":true}]}}