{"id":316,"date":"2014-02-20T11:42:28","date_gmt":"2014-02-20T11:42:28","guid":{"rendered":"http:\/\/sindicatos.cgtp.pt\/site-centro-norte\/?p=316"},"modified":"2014-02-20T11:42:28","modified_gmt":"2014-02-20T11:42:28","slug":"marcha-no-porto-27-fevereiro","status":"publish","type":"post","link":"https:\/\/sindicatos.cgtp.pt\/site-centro-norte\/2014\/02\/20\/marcha-no-porto-27-fevereiro\/","title":{"rendered":"MARCHA no PORTO 27 FEVEREIRO"},"content":{"rendered":"<p>Marcha no Porto contra o roubo dos sal\u00e1rios, desemprego, corte nas pens\u00f5es, justi\u00e7a cara, propinas, menos sa\u00fade, ppp&#8217;s, explora\u00e7\u00e3o e empobrecimento.<\/p>\n<p>Vamos todos participar, 5\u00aa feira \u00e0s 18h30, do Largo dos L\u00f3ios, Via Catarina.<\/p>\n<p>&nbsp;<\/p>\n","protected":false},"excerpt":{"rendered":"<p>Marcha no Porto contra o roubo dos sal\u00e1rios, desemprego, corte nas pens\u00f5es, justi\u00e7a cara, propinas, menos sa\u00fade, ppp&#8217;s, explora\u00e7\u00e3o e empobrecimento. Vamos todos participar, 5\u00aa feira \u00e0s 18h30, do Largo dos L\u00f3ios, Via Catarina. &nbsp;<\/p>\n","protected":false},"author":35,"featured_media":317,"comment_status":"closed","ping_status":"open","sticky":false,"template":"","format":"standard","meta":{"footnotes":""},"categories":[4,2],"tags":[103,32,104,106,105,102],"class_list":["post-316","post","type-post","status-publish","format-standard","has-post-thumbnail","hentry","category-acao-sindical","category-destaques","tag-27-de-fevereiro","tag-cgtp-in","tag-corte-nas-pensoes","tag-empobrecimento","tag-exploracao","tag-march-no-porto"],"_links":{"self":[{"href":"https:\/\/sindicatos.cgtp.pt\/site-centro-norte\/wp-json\/wp\/v2\/posts\/316","targetHints":{"allow":["GET"]}}],"collection":[{"href":"https:\/\/sindicatos.cgtp.pt\/site-centro-norte\/wp-json\/wp\/v2\/posts"}],"about":[{"href":"https:\/\/sindicatos.cgtp.pt\/site-centro-norte\/wp-json\/wp\/v2\/types\/post"}],"author":[{"embeddable":true,"href":"https:\/\/sindicatos.cgtp.pt\/site-centro-norte\/wp-json\/wp\/v2\/users\/35"}],"replies":[{"embeddable":true,"href":"https:\/\/sindicatos.cgtp.pt\/site-centro-norte\/wp-json\/wp\/v2\/comments?post=316"}],"version-history":[{"count":3,"href":"https:\/\/sindicatos.cgtp.pt\/site-centro-norte\/wp-json\/wp\/v2\/posts\/316\/revisions"}],"predecessor-version":[{"id":320,"href":"https:\/\/sindicatos.cgtp.pt\/site-centro-norte\/wp-json\/wp\/v2\/posts\/316\/revisions\/320"}],"wp:featuredmedia":[{"embeddable":true,"href":"https:\/\/sindicatos.cgtp.pt\/site-centro-norte\/wp-json\/wp\/v2\/media\/317"}],"wp:attachment":[{"href":"https:\/\/sindicatos.cgtp.pt\/site-centro-norte\/wp-json\/wp\/v2\/media?parent=316"}],"wp:term":[{"taxonomy":"category","embeddable":true,"href":"https:\/\/sindicatos.cgtp.pt\/site-centro-norte\/wp-json\/wp\/v2\/categories?post=316"},{"taxonomy":"post_tag","embeddable":true,"href":"https:\/\/sindicatos.cgtp.pt\/site-centro-norte\/wp-json\/wp\/v2\/tags?post=316"}],"curies":[{"name":"wp","href":"https:\/\/api.w.org\/{rel}","templated":true}]}}