{"id":165,"date":"2013-06-18T16:54:18","date_gmt":"2013-06-18T16:54:18","guid":{"rendered":"http:\/\/sindicatos.cgtp.pt\/uniao-castelo-branco\/?p=165"},"modified":"2013-06-18T17:09:04","modified_gmt":"2013-06-18T17:09:04","slug":"uls-de-castelo-branco-poe-em-marcha-a-privatizacao-de-servicoscuidados-de-saude","status":"publish","type":"post","link":"https:\/\/sindicatos.cgtp.pt\/uniao-castelo-branco\/2013\/06\/18\/uls-de-castelo-branco-poe-em-marcha-a-privatizacao-de-servicoscuidados-de-saude\/","title":{"rendered":"ULS de Castelo Branco P\u00f5e em Marcha a Privatiza\u00e7\u00e3o de Servi\u00e7os\/Cuidados de Saude"},"content":{"rendered":"<p><a href=\"https:\/\/sindicatos.cgtp.pt\/uniao-castelo-branco\/wp-content\/blogs.dir\/45\/files\/sites\/45\/2013\/06\/img160.jpg\"><img loading=\"lazy\" decoding=\"async\" class=\"size-medium wp-image-166 aligncenter\" alt=\"img160\" src=\"https:\/\/sindicatos.cgtp.pt\/uniao-castelo-branco\/wp-content\/blogs.dir\/45\/files\/sites\/45\/2013\/06\/img160-152x240.jpg\" width=\"152\" height=\"240\" srcset=\"https:\/\/sindicatos.cgtp.pt\/uniao-castelo-branco\/wp-content\/blogs.dir\/45\/files\/sites\/45\/2013\/06\/img160-152x240.jpg 152w, https:\/\/sindicatos.cgtp.pt\/uniao-castelo-branco\/wp-content\/blogs.dir\/45\/files\/sites\/45\/2013\/06\/img160-509x800.jpg 509w, https:\/\/sindicatos.cgtp.pt\/uniao-castelo-branco\/wp-content\/blogs.dir\/45\/files\/sites\/45\/2013\/06\/img160.jpg 1956w\" sizes=\"auto, (max-width: 152px) 100vw, 152px\" \/><\/a><\/p>\n","protected":false},"excerpt":{"rendered":"","protected":false},"author":37,"featured_media":0,"comment_status":"closed","ping_status":"open","sticky":false,"template":"","format":"standard","meta":{"footnotes":""},"categories":[1],"tags":[],"class_list":["post-165","post","type-post","status-publish","format-standard","hentry","category-noticias"],"_links":{"self":[{"href":"https:\/\/sindicatos.cgtp.pt\/uniao-castelo-branco\/wp-json\/wp\/v2\/posts\/165","targetHints":{"allow":["GET"]}}],"collection":[{"href":"https:\/\/sindicatos.cgtp.pt\/uniao-castelo-branco\/wp-json\/wp\/v2\/posts"}],"about":[{"href":"https:\/\/sindicatos.cgtp.pt\/uniao-castelo-branco\/wp-json\/wp\/v2\/types\/post"}],"author":[{"embeddable":true,"href":"https:\/\/sindicatos.cgtp.pt\/uniao-castelo-branco\/wp-json\/wp\/v2\/users\/37"}],"replies":[{"embeddable":true,"href":"https:\/\/sindicatos.cgtp.pt\/uniao-castelo-branco\/wp-json\/wp\/v2\/comments?post=165"}],"version-history":[{"count":2,"href":"https:\/\/sindicatos.cgtp.pt\/uniao-castelo-branco\/wp-json\/wp\/v2\/posts\/165\/revisions"}],"predecessor-version":[{"id":174,"href":"https:\/\/sindicatos.cgtp.pt\/uniao-castelo-branco\/wp-json\/wp\/v2\/posts\/165\/revisions\/174"}],"wp:attachment":[{"href":"https:\/\/sindicatos.cgtp.pt\/uniao-castelo-branco\/wp-json\/wp\/v2\/media?parent=165"}],"wp:term":[{"taxonomy":"category","embeddable":true,"href":"https:\/\/sindicatos.cgtp.pt\/uniao-castelo-branco\/wp-json\/wp\/v2\/categories?post=165"},{"taxonomy":"post_tag","embeddable":true,"href":"https:\/\/sindicatos.cgtp.pt\/uniao-castelo-branco\/wp-json\/wp\/v2\/tags?post=165"}],"curies":[{"name":"wp","href":"https:\/\/api.w.org\/{rel}","templated":true}]}}