{"id":210,"date":"2013-09-27T11:08:27","date_gmt":"2013-09-27T11:08:27","guid":{"rendered":"http:\/\/sindicatos.cgtp.pt\/uniao-castelo-branco\/?p=210"},"modified":"2014-01-13T22:14:18","modified_gmt":"2014-01-13T22:14:18","slug":"almoco-comemorativo-do-aniversario-da-cgtp-in","status":"publish","type":"post","link":"https:\/\/sindicatos.cgtp.pt\/uniao-castelo-branco\/2013\/09\/27\/almoco-comemorativo-do-aniversario-da-cgtp-in\/","title":{"rendered":"Almo\u00e7o Comemorativo do Anivers\u00e1rio da CGTP-IN"},"content":{"rendered":"<p>Junte-se a n\u00f3s na passagem de mais um ano de intensa actividade da Intersindical Nacional.<\/p>\n<p>Inscreva-se no almo\u00e7o comemorativo do 43\u00ba Anivers\u00e1rio da CGTP,\u00a0\u00a0dia 5 de Outubro no GER Campos Melo \u00e0s 12h30:<\/p>\n<p>Ementa:<\/p>\n<div>Arroz \u00e0 Valenciana<\/div>\n<div>Sopa<\/div>\n<div>Fruta<\/div>\n<div>Bebidas<\/div>\n<div>Pre\u00e7o: 7,5 anivers\u00e1rios.<\/div>\n<div><\/div>\n<div><strong style=\"font-size: 13px;line-height: 19.5px\"><a style=\"text-decoration: none\" href=\"https:\/\/sindicatos.cgtp.pt\/uniao-castelo-branco\/wp-content\/blogs.dir\/45\/files\/sites\/45\/2013\/09\/Cartazanivercgtp.gif\"><img loading=\"lazy\" decoding=\"async\" class=\"alignnone size-medium wp-image-211\" alt=\"Cartazanivercgtp\" src=\"https:\/\/sindicatos.cgtp.pt\/uniao-castelo-branco\/wp-content\/blogs.dir\/45\/files\/sites\/45\/2013\/09\/Cartazanivercgtp-168x240.gif\" width=\"168\" height=\"240\" \/><\/a><\/strong><\/div>\n<div><\/div>\n<div><\/div>\n<div>N\u00e3o espere mais e inscreva-se:<\/div>\n<div>\n<p><strong>Pelos Telefones 2753<\/strong><strong>35846 ou 272343434, no teu delegado ou dirigente sindical e nas sedes dos sindicatos e da USCB na Covilh\u00e3 e Castelo Branco.<\/strong><\/p>\n<\/div>\n","protected":false},"excerpt":{"rendered":"<p>Junte-se a n\u00f3s na passagem de mais um ano de intensa actividade da Intersindical Nacional. Inscreva-se no almo\u00e7o comemorativo do 43\u00ba Anivers\u00e1rio da CGTP,\u00a0\u00a0dia 5 de Outubro no GER Campos Melo \u00e0s 12h30: Ementa: Arroz \u00e0 Valenciana Sopa Fruta Bebidas Pre\u00e7o: 7,5 anivers\u00e1rios. N\u00e3o espere<\/p>\n","protected":false},"author":38,"featured_media":0,"comment_status":"closed","ping_status":"open","sticky":false,"template":"","format":"standard","meta":{"footnotes":""},"categories":[1],"tags":[],"class_list":["post-210","post","type-post","status-publish","format-standard","hentry","category-noticias"],"_links":{"self":[{"href":"https:\/\/sindicatos.cgtp.pt\/uniao-castelo-branco\/wp-json\/wp\/v2\/posts\/210","targetHints":{"allow":["GET"]}}],"collection":[{"href":"https:\/\/sindicatos.cgtp.pt\/uniao-castelo-branco\/wp-json\/wp\/v2\/posts"}],"about":[{"href":"https:\/\/sindicatos.cgtp.pt\/uniao-castelo-branco\/wp-json\/wp\/v2\/types\/post"}],"author":[{"embeddable":true,"href":"https:\/\/sindicatos.cgtp.pt\/uniao-castelo-branco\/wp-json\/wp\/v2\/users\/38"}],"replies":[{"embeddable":true,"href":"https:\/\/sindicatos.cgtp.pt\/uniao-castelo-branco\/wp-json\/wp\/v2\/comments?post=210"}],"version-history":[{"count":8,"href":"https:\/\/sindicatos.cgtp.pt\/uniao-castelo-branco\/wp-json\/wp\/v2\/posts\/210\/revisions"}],"predecessor-version":[{"id":241,"href":"https:\/\/sindicatos.cgtp.pt\/uniao-castelo-branco\/wp-json\/wp\/v2\/posts\/210\/revisions\/241"}],"wp:attachment":[{"href":"https:\/\/sindicatos.cgtp.pt\/uniao-castelo-branco\/wp-json\/wp\/v2\/media?parent=210"}],"wp:term":[{"taxonomy":"category","embeddable":true,"href":"https:\/\/sindicatos.cgtp.pt\/uniao-castelo-branco\/wp-json\/wp\/v2\/categories?post=210"},{"taxonomy":"post_tag","embeddable":true,"href":"https:\/\/sindicatos.cgtp.pt\/uniao-castelo-branco\/wp-json\/wp\/v2\/tags?post=210"}],"curies":[{"name":"wp","href":"https:\/\/api.w.org\/{rel}","templated":true}]}}