{"id":262,"date":"2014-01-29T11:43:25","date_gmt":"2014-01-29T11:43:25","guid":{"rendered":"http:\/\/sindicatos.cgtp.pt\/uniao-castelo-branco\/?p=262"},"modified":"2014-01-29T11:43:25","modified_gmt":"2014-01-29T11:43:25","slug":"uscb-convoca-conferencias-de-imprensa-para-apresentar-7o-congresso","status":"publish","type":"post","link":"https:\/\/sindicatos.cgtp.pt\/uniao-castelo-branco\/2014\/01\/29\/uscb-convoca-conferencias-de-imprensa-para-apresentar-7o-congresso\/","title":{"rendered":"USCB Convoca Confer\u00eancias de Imprensa para apresentar 7\u00ba Congresso"},"content":{"rendered":"<p><a href=\"https:\/\/sindicatos.cgtp.pt\/uniao-castelo-branco\/wp-content\/blogs.dir\/45\/files\/sites\/45\/2014\/01\/congresso.png\"><img loading=\"lazy\" decoding=\"async\" class=\"alignleft size-medium wp-image-255\" alt=\"congresso\" src=\"https:\/\/sindicatos.cgtp.pt\/uniao-castelo-branco\/wp-content\/blogs.dir\/45\/files\/sites\/45\/2014\/01\/congresso-205x240.png\" width=\"205\" height=\"240\" srcset=\"https:\/\/sindicatos.cgtp.pt\/uniao-castelo-branco\/wp-content\/blogs.dir\/45\/files\/sites\/45\/2014\/01\/congresso-205x240.png 205w, https:\/\/sindicatos.cgtp.pt\/uniao-castelo-branco\/wp-content\/blogs.dir\/45\/files\/sites\/45\/2014\/01\/congresso.png 659w\" sizes=\"auto, (max-width: 205px) 100vw, 205px\" \/><\/a>A Uni\u00e3o dos Sindicatos de Castelo Branco\/CGTP-IN, no dia 8 de Fevereiro\/2014, no\u00a0Centro Cultural de Alcains, vai realizar o seu 7\u00ba Congresso.<br \/>\nPara vos dar a conhecer os objectivos e as linhas gerais do Programa de Ac\u00e7\u00e3o que j\u00e1\u00a0se encontra em discuss\u00e3o nos v\u00e1rios sindicatos, vimos convidar-vos para uma\u00a0confer\u00eancia de imprensa a realizar no dia 31 de Janeiro nos seguintes hor\u00e1rios e<br \/>\nlocais:<\/p>\n<p>&#8211; 31 de Janeiro &#8211; 10h00 \u2013 Sede da USCB\/CGTP-IN, Rua Az\u00eado Gn\u00e9co, 24, Covilh\u00e3;<\/p>\n<p>-31 de Janeiro &#8211; 15h00 \u2013 Casa Sindical de Castelo Branco, Av. General Humberto\u00a0Delgado, 77 2\u00ba esq. Frente.<\/p>\n","protected":false},"excerpt":{"rendered":"<p>A Uni\u00e3o dos Sindicatos de Castelo Branco\/CGTP-IN, no dia 8 de Fevereiro\/2014, no\u00a0Centro Cultural de Alcains, vai realizar o seu 7\u00ba Congresso. Para vos dar a conhecer os objectivos e as linhas gerais do Programa de Ac\u00e7\u00e3o que j\u00e1\u00a0se encontra em discuss\u00e3o nos v\u00e1rios sindicatos,<\/p>\n","protected":false},"author":38,"featured_media":0,"comment_status":"closed","ping_status":"open","sticky":false,"template":"","format":"standard","meta":{"footnotes":""},"categories":[1],"tags":[],"class_list":["post-262","post","type-post","status-publish","format-standard","hentry","category-noticias"],"_links":{"self":[{"href":"https:\/\/sindicatos.cgtp.pt\/uniao-castelo-branco\/wp-json\/wp\/v2\/posts\/262","targetHints":{"allow":["GET"]}}],"collection":[{"href":"https:\/\/sindicatos.cgtp.pt\/uniao-castelo-branco\/wp-json\/wp\/v2\/posts"}],"about":[{"href":"https:\/\/sindicatos.cgtp.pt\/uniao-castelo-branco\/wp-json\/wp\/v2\/types\/post"}],"author":[{"embeddable":true,"href":"https:\/\/sindicatos.cgtp.pt\/uniao-castelo-branco\/wp-json\/wp\/v2\/users\/38"}],"replies":[{"embeddable":true,"href":"https:\/\/sindicatos.cgtp.pt\/uniao-castelo-branco\/wp-json\/wp\/v2\/comments?post=262"}],"version-history":[{"count":1,"href":"https:\/\/sindicatos.cgtp.pt\/uniao-castelo-branco\/wp-json\/wp\/v2\/posts\/262\/revisions"}],"predecessor-version":[{"id":265,"href":"https:\/\/sindicatos.cgtp.pt\/uniao-castelo-branco\/wp-json\/wp\/v2\/posts\/262\/revisions\/265"}],"wp:attachment":[{"href":"https:\/\/sindicatos.cgtp.pt\/uniao-castelo-branco\/wp-json\/wp\/v2\/media?parent=262"}],"wp:term":[{"taxonomy":"category","embeddable":true,"href":"https:\/\/sindicatos.cgtp.pt\/uniao-castelo-branco\/wp-json\/wp\/v2\/categories?post=262"},{"taxonomy":"post_tag","embeddable":true,"href":"https:\/\/sindicatos.cgtp.pt\/uniao-castelo-branco\/wp-json\/wp\/v2\/tags?post=262"}],"curies":[{"name":"wp","href":"https:\/\/api.w.org\/{rel}","templated":true}]}}