{"id":347,"date":"2014-02-19T20:05:11","date_gmt":"2014-02-19T20:05:11","guid":{"rendered":"http:\/\/sindicatos.cgtp.pt\/uniao-castelo-branco\/?p=347"},"modified":"2014-02-19T20:06:14","modified_gmt":"2014-02-19T20:06:14","slug":"nova-direccao-da-uscbcgtp-in-realizou-a-sua-1a-reuniao","status":"publish","type":"post","link":"https:\/\/sindicatos.cgtp.pt\/uniao-castelo-branco\/2014\/02\/19\/nova-direccao-da-uscbcgtp-in-realizou-a-sua-1a-reuniao\/","title":{"rendered":"Nova Direc\u00e7\u00e3o da USCB\/CGTP-IN realizou a sua 1\u00aa reuni\u00e3o"},"content":{"rendered":"<p>No seguimento da Tomada de Posse dos Corpos Gerentes da Uni\u00e3o dos Sindicatos de Castelo Branco\/CGTP-IN, eleitos no 7\u00ba Congresso que ocorreu no dia 8 de Fevereiro, realizou-se a 1\u00aa reuni\u00e3o de Direc\u00e7\u00e3o que procedeu \u00e0 elei\u00e7\u00e3o do Coordenador da Direc\u00e7\u00e3o e da Comiss\u00e3o Executiva, ambas as vota\u00e7\u00f5es por voto directo e secreto. Para a fun\u00e7\u00e3o de coordenador foi eleito Lu\u00eds Pereira Garra, que obteve o voto favor\u00e1vel da totalidade dos votos expressos. Quanto \u00e0 Comiss\u00e3o Executiva foi eleita, com um voto nulo, ficando com a seguinte composi\u00e7\u00e3o:<\/p>\n<p>-Ana Cristina Hip\u00f3lito<\/p>\n<p>-Ant\u00f3nio Alberto Sousa Cardona<\/p>\n<p>-Ant\u00f3nio Carlos Santos Oliveira<\/p>\n<p>-Gabriela Maria Santos Vaz Gon\u00e7alves<\/p>\n<p>-Jos\u00e9 Alberto Valente Rocha<\/p>\n<p>-Lu\u00eds Pereira Garra<\/p>\n<p>-Marco Manuel Matos Melchior<\/p>\n<p>-Maria da Cruz Marques<\/p>\n<p>-Maria Delfina Br\u00e1s<\/p>\n<p>-Maria Ressurrei\u00e7\u00e3o S.B. Fernandes<\/p>\n<p>&#8211; Marisa Gon\u00e7alves Tavares<\/p>\n<p>Para al\u00e9m de tomar estas decis\u00f5es, a Direc\u00e7\u00e3o definiu o plano de trabalho para a dinamiza\u00e7\u00e3o e prepara\u00e7\u00e3o das comemora\u00e7\u00f5es do 8 de Mar\u00e7o (Dias Internacional da Mulher), da Semana de luta de 8 a 15 de Mar\u00e7o, da Manifesta\u00e7\u00e3o de Jovens Trabalhadores, a 28 de Mar\u00e7o, em Lisboa e das comemora\u00e7\u00f5es dos 40 anos do 25 de Abril e do 1\u00ba de Maio em liberdade e decidiu ainda dinamizar a recolha da peti\u00e7\u00e3o lan\u00e7ar um abaixo-assinado \u201cPelo Direito ao Emprego e \u00e0 Protec\u00e7\u00e3o Social no Desemprego\u201d que a CGTP-IN tem em curso.<\/p>\n","protected":false},"excerpt":{"rendered":"<p>No seguimento da Tomada de Posse dos Corpos Gerentes da Uni\u00e3o dos Sindicatos de Castelo Branco\/CGTP-IN, eleitos no 7\u00ba Congresso que ocorreu no dia 8 de Fevereiro, realizou-se a 1\u00aa reuni\u00e3o de Direc\u00e7\u00e3o que procedeu \u00e0 elei\u00e7\u00e3o do Coordenador da Direc\u00e7\u00e3o e da Comiss\u00e3o Executiva,<\/p>\n","protected":false},"author":38,"featured_media":0,"comment_status":"closed","ping_status":"open","sticky":false,"template":"","format":"standard","meta":{"footnotes":""},"categories":[1],"tags":[],"class_list":["post-347","post","type-post","status-publish","format-standard","hentry","category-noticias"],"_links":{"self":[{"href":"https:\/\/sindicatos.cgtp.pt\/uniao-castelo-branco\/wp-json\/wp\/v2\/posts\/347","targetHints":{"allow":["GET"]}}],"collection":[{"href":"https:\/\/sindicatos.cgtp.pt\/uniao-castelo-branco\/wp-json\/wp\/v2\/posts"}],"about":[{"href":"https:\/\/sindicatos.cgtp.pt\/uniao-castelo-branco\/wp-json\/wp\/v2\/types\/post"}],"author":[{"embeddable":true,"href":"https:\/\/sindicatos.cgtp.pt\/uniao-castelo-branco\/wp-json\/wp\/v2\/users\/38"}],"replies":[{"embeddable":true,"href":"https:\/\/sindicatos.cgtp.pt\/uniao-castelo-branco\/wp-json\/wp\/v2\/comments?post=347"}],"version-history":[{"count":4,"href":"https:\/\/sindicatos.cgtp.pt\/uniao-castelo-branco\/wp-json\/wp\/v2\/posts\/347\/revisions"}],"predecessor-version":[{"id":351,"href":"https:\/\/sindicatos.cgtp.pt\/uniao-castelo-branco\/wp-json\/wp\/v2\/posts\/347\/revisions\/351"}],"wp:attachment":[{"href":"https:\/\/sindicatos.cgtp.pt\/uniao-castelo-branco\/wp-json\/wp\/v2\/media?parent=347"}],"wp:term":[{"taxonomy":"category","embeddable":true,"href":"https:\/\/sindicatos.cgtp.pt\/uniao-castelo-branco\/wp-json\/wp\/v2\/categories?post=347"},{"taxonomy":"post_tag","embeddable":true,"href":"https:\/\/sindicatos.cgtp.pt\/uniao-castelo-branco\/wp-json\/wp\/v2\/tags?post=347"}],"curies":[{"name":"wp","href":"https:\/\/api.w.org\/{rel}","templated":true}]}}