{"id":1079,"date":"2014-11-21T16:10:37","date_gmt":"2014-11-21T16:10:37","guid":{"rendered":"http:\/\/sindicatos.cgtp.pt\/uniao-evora\/?p=1079"},"modified":"2014-11-28T15:03:06","modified_gmt":"2014-11-28T15:03:06","slug":"a-forca-da-razao-com-grande-adesao-dos-enfermeiros-a-greve-de-21-nov","status":"publish","type":"post","link":"https:\/\/sindicatos.cgtp.pt\/uniao-evora\/2014\/11\/21\/a-forca-da-razao-com-grande-adesao-dos-enfermeiros-a-greve-de-21-nov\/","title":{"rendered":"A for\u00e7a da raz\u00e3o, com grande ades\u00e3o dos Enfermeiros \u00e0 Greve de 21 NOV."},"content":{"rendered":"<p><a href=\"https:\/\/sindicatos.cgtp.pt\/uniao-evora\/2014\/11\/14\/a-greve-dos-enfermeiros-com-uma-forte-adesao\/20140924_105901\/\" rel=\"attachment wp-att-971\"><img loading=\"lazy\" decoding=\"async\" class=\"alignleft size-full wp-image-971\" alt=\"Concentra\u00e7\u00e3o Greve dos Enfermeiros\" src=\"https:\/\/sindicatos.cgtp.pt\/uniao-evora\/wp-content\/blogs.dir\/44\/files\/sites\/44\/2014\/09\/20140924_105901.jpg\" width=\"340\" height=\"284\" \/><\/a>Forte ades\u00e3o \u00e0 Greve do dia 21 Novembro, pelos Enfermeiros e em particular os do distrito de \u00c9vora, que por todos os Centros de Sa\u00fade e no Hospital Espirito Santo de \u00c9vora no 1\u00ba turno das 00h00 at\u00e9 \u00e0s 08h00 de 73,3% e no 2\u00ba turno das 08h00 \u00e0s 16h00 de 77%.<\/p>\n<p>A resposta destes trabalhadores, demostra uma grande determina\u00e7\u00e3o, coragem e unidade em torno das suas reivindica\u00e7\u00f5es e defesa do SNS.<\/p>\n<p><a href=\"http:\/\/www.sep.org.pt\/index.php?option=com_content&amp;view=article&amp;id=5698%3Atotal-da-adesao-a-greve-21-novembro-80&amp;catid=192&amp;Itemid=787\">Fonte:Sindicato dos Enfermeiros Portugueses<\/a><\/p>\n","protected":false},"excerpt":{"rendered":"<p>Forte ades\u00e3o \u00e0 Greve do dia 21 Novembro, pelos Enfermeiros e em particular os do distrito de \u00c9vora, que por todos os Centros de Sa\u00fade e no Hospital Espirito Santo de \u00c9vora no 1\u00ba turno das 00h00 at\u00e9 \u00e0s 08h00 de 73,3% e no 2\u00ba<\/p>\n","protected":false},"author":41,"featured_media":0,"comment_status":"closed","ping_status":"open","sticky":false,"template":"","format":"standard","meta":{"footnotes":""},"categories":[4],"tags":[],"class_list":["post-1079","post","type-post","status-publish","format-standard","hentry","category-accao-sindical"],"_links":{"self":[{"href":"https:\/\/sindicatos.cgtp.pt\/uniao-evora\/wp-json\/wp\/v2\/posts\/1079","targetHints":{"allow":["GET"]}}],"collection":[{"href":"https:\/\/sindicatos.cgtp.pt\/uniao-evora\/wp-json\/wp\/v2\/posts"}],"about":[{"href":"https:\/\/sindicatos.cgtp.pt\/uniao-evora\/wp-json\/wp\/v2\/types\/post"}],"author":[{"embeddable":true,"href":"https:\/\/sindicatos.cgtp.pt\/uniao-evora\/wp-json\/wp\/v2\/users\/41"}],"replies":[{"embeddable":true,"href":"https:\/\/sindicatos.cgtp.pt\/uniao-evora\/wp-json\/wp\/v2\/comments?post=1079"}],"version-history":[{"count":4,"href":"https:\/\/sindicatos.cgtp.pt\/uniao-evora\/wp-json\/wp\/v2\/posts\/1079\/revisions"}],"predecessor-version":[{"id":1109,"href":"https:\/\/sindicatos.cgtp.pt\/uniao-evora\/wp-json\/wp\/v2\/posts\/1079\/revisions\/1109"}],"wp:attachment":[{"href":"https:\/\/sindicatos.cgtp.pt\/uniao-evora\/wp-json\/wp\/v2\/media?parent=1079"}],"wp:term":[{"taxonomy":"category","embeddable":true,"href":"https:\/\/sindicatos.cgtp.pt\/uniao-evora\/wp-json\/wp\/v2\/categories?post=1079"},{"taxonomy":"post_tag","embeddable":true,"href":"https:\/\/sindicatos.cgtp.pt\/uniao-evora\/wp-json\/wp\/v2\/tags?post=1079"}],"curies":[{"name":"wp","href":"https:\/\/api.w.org\/{rel}","templated":true}]}}