{"id":1081,"date":"2014-11-21T16:28:11","date_gmt":"2014-11-21T16:28:11","guid":{"rendered":"http:\/\/sindicatos.cgtp.pt\/uniao-evora\/?p=1081"},"modified":"2014-11-28T15:02:58","modified_gmt":"2014-11-28T15:02:58","slug":"vamos-marchar-porque-e-necessario-por-fim-a-exploracao-e-ao-empobrecimento","status":"publish","type":"post","link":"https:\/\/sindicatos.cgtp.pt\/uniao-evora\/2014\/11\/21\/vamos-marchar-porque-e-necessario-por-fim-a-exploracao-e-ao-empobrecimento\/","title":{"rendered":"Vamos marchar porque \u00e9 necess\u00e1rio p\u00f4r fim \u00e0 explora\u00e7ao e ao empobrecimento!"},"content":{"rendered":"<p><b> <a href=\"https:\/\/sindicatos.cgtp.pt\/uniao-evora\/2014\/11\/21\/vamos-marchar-porque-e-necessario-por-fim-a-exploracao-e-ao-empobrecimento\/geral\/\" rel=\"attachment wp-att-1091\"><img loading=\"lazy\" decoding=\"async\" class=\"alignleft size-large wp-image-1091\" alt=\"geral\" src=\"https:\/\/sindicatos.cgtp.pt\/uniao-evora\/wp-content\/blogs.dir\/44\/files\/sites\/44\/2014\/11\/geral-800x543.jpg\" width=\"395\" height=\"242\" \/><\/a>A Comiss\u00e3o Executiva da USDE\/CGTP-IN <\/b><b>apela aos trabalhadores, jovens, desempregados, reformados e a outras camadas da popula\u00e7\u00e3o<\/b>, que fortemente s\u00e3o penalizados por esta pol\u00edtica,<b> que assumam nas suas m\u00e3os, a luta mais geral que estejam presentes na Caminhada que vai ter express\u00e3o j\u00e1 no pr\u00f3ximo dia 23 de Novembro com inicio pelas 10H no Rossio de S\u00e3o Braz at\u00e9 \u00e0 Pra\u00e7a do Giraldo, em \u00c9vora, integrada na <i>Marcha Nacional da CGTP-IN pelo Emprego, Sal\u00e1rios e Pens\u00f5es, Direitos e Servi\u00e7os P\u00fablicos. <\/i><\/b><\/p>\n<p>Prosseguir e intensificar a luta contra a pol\u00edtica de direita, pela demiss\u00e3o do Governo PSD-CDS e a marca\u00e7\u00e3o de elei\u00e7\u00f5es antecipadas, constitui n\u00e3o s\u00f3 um direito como um dever de todos quantos lutam pela afirma\u00e7\u00e3o dos valores e direitos de Abril e por uma pol\u00edtica de esquerda e soberana.<\/p>\n<p><a href=\"http:\/\/www.youtube.com\/watch?v=hU07kgYoAec\">Tempo antena CGTP-IN<\/a><\/p>\n","protected":false},"excerpt":{"rendered":"<p>A Comiss\u00e3o Executiva da USDE\/CGTP-IN apela aos trabalhadores, jovens, desempregados, reformados e a outras camadas da popula\u00e7\u00e3o, que fortemente s\u00e3o penalizados por esta pol\u00edtica, que assumam nas suas m\u00e3os, a luta mais geral que estejam presentes na Caminhada que vai ter express\u00e3o j\u00e1 no pr\u00f3ximo<\/p>\n","protected":false},"author":41,"featured_media":0,"comment_status":"closed","ping_status":"open","sticky":false,"template":"","format":"standard","meta":{"footnotes":""},"categories":[4],"tags":[],"class_list":["post-1081","post","type-post","status-publish","format-standard","hentry","category-accao-sindical"],"_links":{"self":[{"href":"https:\/\/sindicatos.cgtp.pt\/uniao-evora\/wp-json\/wp\/v2\/posts\/1081","targetHints":{"allow":["GET"]}}],"collection":[{"href":"https:\/\/sindicatos.cgtp.pt\/uniao-evora\/wp-json\/wp\/v2\/posts"}],"about":[{"href":"https:\/\/sindicatos.cgtp.pt\/uniao-evora\/wp-json\/wp\/v2\/types\/post"}],"author":[{"embeddable":true,"href":"https:\/\/sindicatos.cgtp.pt\/uniao-evora\/wp-json\/wp\/v2\/users\/41"}],"replies":[{"embeddable":true,"href":"https:\/\/sindicatos.cgtp.pt\/uniao-evora\/wp-json\/wp\/v2\/comments?post=1081"}],"version-history":[{"count":9,"href":"https:\/\/sindicatos.cgtp.pt\/uniao-evora\/wp-json\/wp\/v2\/posts\/1081\/revisions"}],"predecessor-version":[{"id":1108,"href":"https:\/\/sindicatos.cgtp.pt\/uniao-evora\/wp-json\/wp\/v2\/posts\/1081\/revisions\/1108"}],"wp:attachment":[{"href":"https:\/\/sindicatos.cgtp.pt\/uniao-evora\/wp-json\/wp\/v2\/media?parent=1081"}],"wp:term":[{"taxonomy":"category","embeddable":true,"href":"https:\/\/sindicatos.cgtp.pt\/uniao-evora\/wp-json\/wp\/v2\/categories?post=1081"},{"taxonomy":"post_tag","embeddable":true,"href":"https:\/\/sindicatos.cgtp.pt\/uniao-evora\/wp-json\/wp\/v2\/tags?post=1081"}],"curies":[{"name":"wp","href":"https:\/\/api.w.org\/{rel}","templated":true}]}}