{"id":1097,"date":"2014-11-23T15:02:03","date_gmt":"2014-11-23T15:02:03","guid":{"rendered":"http:\/\/sindicatos.cgtp.pt\/uniao-evora\/?p=1097"},"modified":"2014-12-10T19:48:19","modified_gmt":"2014-12-10T19:48:19","slug":"os-valores-de-abril-presente-na-marcha-em-evora","status":"publish","type":"post","link":"https:\/\/sindicatos.cgtp.pt\/uniao-evora\/2014\/11\/23\/os-valores-de-abril-presente-na-marcha-em-evora\/","title":{"rendered":"Os valores de Abril, presente na marcha em \u00c9vora"},"content":{"rendered":"<p><a href=\"https:\/\/sindicatos.cgtp.pt\/uniao-evora\/2014\/11\/23\/os-valores-de-abril-presente-na-marcha-em-evora\/marcha-em-evora-1\/\" rel=\"attachment wp-att-1098\"><img loading=\"lazy\" decoding=\"async\" class=\"alignleft size-large wp-image-1098\" alt=\"Marcha em \u00c9vora 1\" src=\"https:\/\/sindicatos.cgtp.pt\/uniao-evora\/wp-content\/blogs.dir\/44\/files\/sites\/44\/2014\/11\/Marcha-em-\u00c9vora-1-800x533.jpg\" width=\"365\" height=\"242\" srcset=\"https:\/\/sindicatos.cgtp.pt\/uniao-evora\/wp-content\/blogs.dir\/44\/files\/sites\/44\/2014\/11\/Marcha-em-\u00c9vora-1-800x533.jpg 800w, https:\/\/sindicatos.cgtp.pt\/uniao-evora\/wp-content\/blogs.dir\/44\/files\/sites\/44\/2014\/11\/Marcha-em-\u00c9vora-1-240x160.jpg 240w, https:\/\/sindicatos.cgtp.pt\/uniao-evora\/wp-content\/blogs.dir\/44\/files\/sites\/44\/2014\/11\/Marcha-em-\u00c9vora-1-120x80.jpg 120w, https:\/\/sindicatos.cgtp.pt\/uniao-evora\/wp-content\/blogs.dir\/44\/files\/sites\/44\/2014\/11\/Marcha-em-\u00c9vora-1.jpg 1024w\" sizes=\"auto, (max-width: 365px) 100vw, 365px\" \/><\/a>Foram centenas os trabalhadores, jovens, desempregados, reformados e outras camadas da popula\u00e7\u00e3o, que aderiram ao apela lan\u00e7ado pela USDE\/CGTP-IN e participaram hoje dia 23 de Novembro na Caminhada pelo centro de hist\u00f3rico de \u00c9vora, inserido na Marcha Nacional da CGTP-IN.<\/p>\n<p>Esteve presente na cidade de \u00c9vora uma grande express\u00e3o de descontentamento e de indigna\u00e7\u00e3o contra a pol\u00edtica que persiste em atacar direitos, liberdades e garantias laborais e sociais, fincando bem presente a demostra\u00e7\u00e3o de confian\u00e7a e determina\u00e7\u00e3o de quem resiste e n\u00e3o desiste de lutar pelo emprego com direitos, por uma justa distribui\u00e7\u00e3o da riqueza, pelo direitos \u00e0 sa\u00fade, educa\u00e7\u00e3o e seguran\u00e7a social, pela rutura com a pol\u00edtica de direita e por um Portugal de progresso e justi\u00e7a social.<\/p>\n<p>A Marcha assumiu ainda prosseguir e intensificar a luta contra a pol\u00edtica de direita, pela demiss\u00e3o do Governo PSD-CDS e a marca\u00e7\u00e3o de elei\u00e7\u00f5es antecipadas, constitui n\u00e3o s\u00f3 um direito como um dever de todos quantos lutam pela afirma\u00e7\u00e3o dos valores e direitos de Abril e por uma pol\u00edtica de esquerda e soberana.<\/p>\n<p><a href=\"https:\/\/www.youtube.com\/watch?v=XuzdLVvLi2k\">Video da Marcha Nacional da CGTP-IN em \u00c9vora<\/a><\/p>\n<p><a href=\"https:\/\/www.youtube.com\/watch?v=3p3gS5hzHBI\">Noticia na Comunica\u00e7\u00e3o Social<\/a><\/p>\n","protected":false},"excerpt":{"rendered":"<p>Foram centenas os trabalhadores, jovens, desempregados, reformados e outras camadas da popula\u00e7\u00e3o, que aderiram ao apela lan\u00e7ado pela USDE\/CGTP-IN e participaram hoje dia 23 de Novembro na Caminhada pelo centro de hist\u00f3rico de \u00c9vora, inserido na Marcha Nacional da CGTP-IN. Esteve presente na cidade de<\/p>\n","protected":false},"author":41,"featured_media":0,"comment_status":"closed","ping_status":"open","sticky":false,"template":"","format":"standard","meta":{"footnotes":""},"categories":[4],"tags":[],"class_list":["post-1097","post","type-post","status-publish","format-standard","hentry","category-accao-sindical"],"_links":{"self":[{"href":"https:\/\/sindicatos.cgtp.pt\/uniao-evora\/wp-json\/wp\/v2\/posts\/1097","targetHints":{"allow":["GET"]}}],"collection":[{"href":"https:\/\/sindicatos.cgtp.pt\/uniao-evora\/wp-json\/wp\/v2\/posts"}],"about":[{"href":"https:\/\/sindicatos.cgtp.pt\/uniao-evora\/wp-json\/wp\/v2\/types\/post"}],"author":[{"embeddable":true,"href":"https:\/\/sindicatos.cgtp.pt\/uniao-evora\/wp-json\/wp\/v2\/users\/41"}],"replies":[{"embeddable":true,"href":"https:\/\/sindicatos.cgtp.pt\/uniao-evora\/wp-json\/wp\/v2\/comments?post=1097"}],"version-history":[{"count":5,"href":"https:\/\/sindicatos.cgtp.pt\/uniao-evora\/wp-json\/wp\/v2\/posts\/1097\/revisions"}],"predecessor-version":[{"id":1129,"href":"https:\/\/sindicatos.cgtp.pt\/uniao-evora\/wp-json\/wp\/v2\/posts\/1097\/revisions\/1129"}],"wp:attachment":[{"href":"https:\/\/sindicatos.cgtp.pt\/uniao-evora\/wp-json\/wp\/v2\/media?parent=1097"}],"wp:term":[{"taxonomy":"category","embeddable":true,"href":"https:\/\/sindicatos.cgtp.pt\/uniao-evora\/wp-json\/wp\/v2\/categories?post=1097"},{"taxonomy":"post_tag","embeddable":true,"href":"https:\/\/sindicatos.cgtp.pt\/uniao-evora\/wp-json\/wp\/v2\/tags?post=1097"}],"curies":[{"name":"wp","href":"https:\/\/api.w.org\/{rel}","templated":true}]}}