{"id":112,"date":"2013-05-22T11:07:51","date_gmt":"2013-05-22T11:07:51","guid":{"rendered":"http:\/\/sindicatos.cgtp.pt\/uniao-evora\/?p=112"},"modified":"2013-05-22T11:13:08","modified_gmt":"2013-05-22T11:13:08","slug":"112","status":"publish","type":"post","link":"https:\/\/sindicatos.cgtp.pt\/uniao-evora\/2013\/05\/22\/112\/","title":{"rendered":"Solidariedade com a luta dos Guardas Prisionais"},"content":{"rendered":"<p align=\"center\"><b><a href=\"https:\/\/sindicatos.cgtp.pt\/uniao-evora\/wp-content\/blogs.dir\/44\/files\/sites\/44\/2013\/05\/Piquete-Greve-Guardas-Prisionais-\u00c9vora-001-4.jpg\"><img loading=\"lazy\" decoding=\"async\" class=\"size-medium wp-image-113 alignleft\" alt=\"Piquete Greve Guardas Prisionais-\u00c9vora 001 (4)\" src=\"https:\/\/sindicatos.cgtp.pt\/uniao-evora\/wp-content\/blogs.dir\/44\/files\/sites\/44\/2013\/05\/Piquete-Greve-Guardas-Prisionais-\u00c9vora-001-4-240x184.jpg\" width=\"240\" height=\"184\" srcset=\"https:\/\/sindicatos.cgtp.pt\/uniao-evora\/wp-content\/blogs.dir\/44\/files\/sites\/44\/2013\/05\/Piquete-Greve-Guardas-Prisionais-\u00c9vora-001-4-240x184.jpg 240w, https:\/\/sindicatos.cgtp.pt\/uniao-evora\/wp-content\/blogs.dir\/44\/files\/sites\/44\/2013\/05\/Piquete-Greve-Guardas-Prisionais-\u00c9vora-001-4-800x616.jpg 800w\" sizes=\"auto, (max-width: 240px) 100vw, 240px\" \/><\/a>SAUDA\u00c7\u00c3O \u00c0 LUTA DOS GUARDAS PRISIONAIS<\/b><\/p>\n<p><span style=\"color: #000000;font-family: Arial\">\u00a0<\/span><\/p>\n<p>A Direc\u00e7\u00e3o da Uni\u00e3o dos Sindicatos do Distrito de \u00c9vora sa\u00fada a luta desenvolvida pelos Guardas Prisionais e a sua Greve convocada pelo Sindicato Nacional do Corpo de Guardas Prisionais.<\/p>\n<p><span style=\"color: #000000\">Os guardas prisionais iniciaram dia 21 Maio 2013 com um per\u00edodo de greve de 12 dias devido ao impasse nas negocia\u00e7\u00f5es com o Governo sobre o estatuto profissional, protesto que vai afetar, sobretudo, as visitas dos reclusos e o transporte para os tribunais.<\/span><\/p>\n<p>No estabelecimento prisional de \u00c9vora \u00e0s 8h30 s\u00f3 um guarda n\u00e3o aderiu \u00e0 greve o que significa que a resposta destes trabalhadores foi quase total, demostrando assim uma grande determina\u00e7\u00e3o e coragem, na luta em defesa dos seus direitos.<\/p>\n<p><span style=\"color: #000000\">A USDE\/CGTP-IN esteve presente nesta luta, demostrado a sua solidariedade, considerando que os problemas com que estes profissionais est\u00e3o confrontados, n\u00e3o estando desligados <span style=\"font-family: Arial\">da desastrosa pol\u00edtica deste Governo PSD\/CDS e do programa de agress\u00e3o<\/span><\/span><span style=\"color: #000000\"> assinado pelas troicas PS\/PSD\/CDS com o FMI\/BCE\/U.E.<\/span><\/p>\n<p><span style=\"color: #000000\">A USDE\/CGTP-IN acredita que esta \u00e9 uma luta que contribuir\u00e1 para a resolu\u00e7\u00e3o dos problemas com que os Guardas prisionais est\u00e3o confrontados, <span style=\"font-family: Arial\">bem como ser\u00e1 um contributo indispens\u00e1vel para alcan\u00e7armos a derrota desta pol\u00edtica e colocarmos o Governo na rua.<a href=\"https:\/\/sindicatos.cgtp.pt\/uniao-evora\/wp-content\/blogs.dir\/44\/files\/sites\/44\/2013\/05\/Piquete-Greve-Guardas-Prisionais-\u00c9vora-001.jpg\"><img loading=\"lazy\" decoding=\"async\" class=\"size-medium wp-image-115 alignright\" alt=\"Piquete Greve Guardas Prisionais-\u00c9vora 001\" src=\"https:\/\/sindicatos.cgtp.pt\/uniao-evora\/wp-content\/blogs.dir\/44\/files\/sites\/44\/2013\/05\/Piquete-Greve-Guardas-Prisionais-\u00c9vora-001-240x144.jpg\" width=\"240\" height=\"144\" srcset=\"https:\/\/sindicatos.cgtp.pt\/uniao-evora\/wp-content\/blogs.dir\/44\/files\/sites\/44\/2013\/05\/Piquete-Greve-Guardas-Prisionais-\u00c9vora-001-240x144.jpg 240w, https:\/\/sindicatos.cgtp.pt\/uniao-evora\/wp-content\/blogs.dir\/44\/files\/sites\/44\/2013\/05\/Piquete-Greve-Guardas-Prisionais-\u00c9vora-001-800x481.jpg 800w\" sizes=\"auto, (max-width: 240px) 100vw, 240px\" \/><\/a><\/span><\/span><\/p>\n","protected":false},"excerpt":{"rendered":"<p>SAUDA\u00c7\u00c3O \u00c0 LUTA DOS GUARDAS PRISIONAIS \u00a0 A Direc\u00e7\u00e3o da Uni\u00e3o dos Sindicatos do Distrito de \u00c9vora sa\u00fada a luta desenvolvida pelos Guardas Prisionais e a sua Greve convocada pelo Sindicato Nacional do Corpo de Guardas Prisionais. Os guardas prisionais iniciaram dia 21 Maio 2013<\/p>\n","protected":false},"author":41,"featured_media":0,"comment_status":"closed","ping_status":"open","sticky":false,"template":"","format":"standard","meta":{"footnotes":""},"categories":[4,1],"tags":[],"class_list":["post-112","post","type-post","status-publish","format-standard","hentry","category-accao-sindical","category-noticias"],"_links":{"self":[{"href":"https:\/\/sindicatos.cgtp.pt\/uniao-evora\/wp-json\/wp\/v2\/posts\/112","targetHints":{"allow":["GET"]}}],"collection":[{"href":"https:\/\/sindicatos.cgtp.pt\/uniao-evora\/wp-json\/wp\/v2\/posts"}],"about":[{"href":"https:\/\/sindicatos.cgtp.pt\/uniao-evora\/wp-json\/wp\/v2\/types\/post"}],"author":[{"embeddable":true,"href":"https:\/\/sindicatos.cgtp.pt\/uniao-evora\/wp-json\/wp\/v2\/users\/41"}],"replies":[{"embeddable":true,"href":"https:\/\/sindicatos.cgtp.pt\/uniao-evora\/wp-json\/wp\/v2\/comments?post=112"}],"version-history":[{"count":3,"href":"https:\/\/sindicatos.cgtp.pt\/uniao-evora\/wp-json\/wp\/v2\/posts\/112\/revisions"}],"predecessor-version":[{"id":118,"href":"https:\/\/sindicatos.cgtp.pt\/uniao-evora\/wp-json\/wp\/v2\/posts\/112\/revisions\/118"}],"wp:attachment":[{"href":"https:\/\/sindicatos.cgtp.pt\/uniao-evora\/wp-json\/wp\/v2\/media?parent=112"}],"wp:term":[{"taxonomy":"category","embeddable":true,"href":"https:\/\/sindicatos.cgtp.pt\/uniao-evora\/wp-json\/wp\/v2\/categories?post=112"},{"taxonomy":"post_tag","embeddable":true,"href":"https:\/\/sindicatos.cgtp.pt\/uniao-evora\/wp-json\/wp\/v2\/tags?post=112"}],"curies":[{"name":"wp","href":"https:\/\/api.w.org\/{rel}","templated":true}]}}