{"id":1184,"date":"2015-03-07T12:50:39","date_gmt":"2015-03-07T12:50:39","guid":{"rendered":"http:\/\/sindicatos.cgtp.pt\/uniao-evora\/?p=1184"},"modified":"2015-03-19T10:27:40","modified_gmt":"2015-03-19T10:27:40","slug":"centenas-manifestam-se-em-evora-por-uma-politica-de-esquerda-e-soberana","status":"publish","type":"post","link":"https:\/\/sindicatos.cgtp.pt\/uniao-evora\/2015\/03\/07\/centenas-manifestam-se-em-evora-por-uma-politica-de-esquerda-e-soberana\/","title":{"rendered":"Centenas manifestam-se em \u00c9vora por uma pol\u00edtica de esquerda e soberana"},"content":{"rendered":"<p><a href=\"https:\/\/sindicatos.cgtp.pt\/uniao-evora\/2015\/03\/07\/centenas-manifestam-se-em-evora-por-uma-politica-de-esquerda-e-soberana\/img_8406-2\/\" rel=\"attachment wp-att-1187\"><img loading=\"lazy\" decoding=\"async\" class=\"alignleft  wp-image-1187\" alt=\"Manifesta;\\ao 7 Mar;o ]Evora\" src=\"https:\/\/sindicatos.cgtp.pt\/uniao-evora\/wp-content\/blogs.dir\/44\/files\/sites\/44\/2015\/03\/IMG_8406-2-800x584.jpg\" width=\"336\" height=\"245\" srcset=\"https:\/\/sindicatos.cgtp.pt\/uniao-evora\/wp-content\/blogs.dir\/44\/files\/sites\/44\/2015\/03\/IMG_8406-2-800x584.jpg 800w, https:\/\/sindicatos.cgtp.pt\/uniao-evora\/wp-content\/blogs.dir\/44\/files\/sites\/44\/2015\/03\/IMG_8406-2-240x175.jpg 240w\" sizes=\"auto, (max-width: 336px) 100vw, 336px\" \/><\/a>Foram centenas os trabalhadores, reformados e outras camadas da popula\u00e7\u00e3o que participaram na ac\u00e7\u00e3o luta convocada pela CGTP-IN para o dia de hoje 7 Mar\u00e7o e que teve express\u00e3o de manh\u00e3 em \u00c9vora com uma manifesta\u00e7\u00e3o que percorreu as ruas do centro hist\u00f3rico de \u00c9vora entre a pra\u00e7a 1\u00ba Maio e o largo de Cam\u00f5es.<\/p>\n<p><a href=\"https:\/\/sindicatos.cgtp.pt\/uniao-evora\/2015\/03\/07\/centenas-manifestam-se-em-evora-por-uma-politica-de-esquerda-e-soberana\/img_8412-2\/\" rel=\"attachment wp-att-1188\"><img loading=\"lazy\" decoding=\"async\" class=\"alignleft  wp-image-1188\" alt=\"IMG_8412 (2)\" src=\"https:\/\/sindicatos.cgtp.pt\/uniao-evora\/wp-content\/blogs.dir\/44\/files\/sites\/44\/2015\/03\/IMG_8412-2-800x378.jpg\" width=\"336\" height=\"158\" srcset=\"https:\/\/sindicatos.cgtp.pt\/uniao-evora\/wp-content\/blogs.dir\/44\/files\/sites\/44\/2015\/03\/IMG_8412-2-800x378.jpg 800w, https:\/\/sindicatos.cgtp.pt\/uniao-evora\/wp-content\/blogs.dir\/44\/files\/sites\/44\/2015\/03\/IMG_8412-2-240x113.jpg 240w\" sizes=\"auto, (max-width: 336px) 100vw, 336px\" \/><\/a>Foi uma manifesta\u00e7\u00e3o muito combativa, onde os participantes disseram basta de injusti\u00e7as! Basta de mentiras! Basta de sacrif\u00edcios! Basta de pol\u00edtica de direita! Basta de explora\u00e7\u00e3o e empobrecimento, mostrando um grande cart\u00e3o vermelho a este governo PSD\/CDS e \u00e0 pol\u00edtica de direita.<\/p>\n<p>Grande manifesta\u00e7\u00e3o de coragem e determina\u00e7\u00e3o porque Portugal tem futuro com uma pol\u00edtica de esquerda e soberana que v\u00e1 \u00e0 raiz dos problemas, afirme os direitos liberdades e garantias constitucionais, dinamize a produ\u00e7\u00e3o nacional e valorize o trabalho.<!--more--><a id=\"_GPLITA_0\" style=\"border: none !important;text-indent: 0px !important;float: none !important;font-weight: bold !important;height: auto !important;margin: 0px !important;padding: 0px !important;text-decoration: underline !important;vertical-align: baseline !important;width: auto !important;background: transparent !important\" title=\"Click to Continue &gt; by TheAdBlock\" href=\"#\"><\/a><\/p>\n<p>\u00c9 com esta for\u00e7a que comemoramos amanh\u00e3 o dia 8 de Mar\u00e7o, Dia Internacional da Mulher, com um almo\u00e7o distrital em \u00c9vora, pelas 12h30 no pavilh\u00e3o de moradores do bacelo, homenageando a luta secular das mulheres pela igualdade, contra a discrimina\u00e7\u00e3o, pela concilia\u00e7\u00e3o da vida profissional com a pessoal e familiar, contra a desregulamenta\u00e7\u00e3o dos hor\u00e1rios. Uma luta que todos une, homens e mulheres, pela efectiva\u00e7\u00e3o da igualdade e do emprego\u00a0de qualidade.<\/p>\n<p>Bem como as ac\u00e7\u00f5es j\u00e1 previstas, nomeadamente a greve nacional dos trabalhadores da Administra\u00e7\u00e3o P\u00fablica, dia 13 de Mar\u00e7o e a Marcha dos Jovens trabalhadores, promovida pela Interjovem, que ter\u00e1 no pr\u00f3ximo dia 25 uma concentra\u00e7\u00e3o de jovens trabalhadores, CEI junto ao IEFP \u00c9vora pelas 10H e culminar\u00e1 dia 28 de Mar\u00e7o, com uma Manifesta\u00e7\u00e3o Nacional em Lisboa!<\/p>\n<p>Ser\u00e1 a luta nos locais de trabalho, associada \u00e0 eleva\u00e7\u00e3o da consci\u00eancia social dos trabalhadores e de outras camadas da popula\u00e7\u00e3o que contribuir\u00e1 decisivamente para derrotar a pol\u00edtica de direita, o Governo do PSD-CDS e alterar a correla\u00e7\u00e3o de for\u00e7as na Assembleia da Rep\u00fablica, de forma a assegurar uma alternativa pol\u00edtica de esquerda e soberana, comprometida com os valores e direitos da Revolu\u00e7\u00e3o de Abril.<\/p>\n","protected":false},"excerpt":{"rendered":"<p>Foram centenas os trabalhadores, reformados e outras camadas da popula\u00e7\u00e3o que participaram na ac\u00e7\u00e3o luta convocada pela CGTP-IN para o dia de hoje 7 Mar\u00e7o e que teve express\u00e3o de manh\u00e3 em \u00c9vora com uma manifesta\u00e7\u00e3o que percorreu as ruas do centro hist\u00f3rico de \u00c9vora<\/p>\n","protected":false},"author":41,"featured_media":0,"comment_status":"closed","ping_status":"open","sticky":false,"template":"","format":"standard","meta":{"footnotes":""},"categories":[4,1],"tags":[],"class_list":["post-1184","post","type-post","status-publish","format-standard","hentry","category-accao-sindical","category-noticias"],"_links":{"self":[{"href":"https:\/\/sindicatos.cgtp.pt\/uniao-evora\/wp-json\/wp\/v2\/posts\/1184","targetHints":{"allow":["GET"]}}],"collection":[{"href":"https:\/\/sindicatos.cgtp.pt\/uniao-evora\/wp-json\/wp\/v2\/posts"}],"about":[{"href":"https:\/\/sindicatos.cgtp.pt\/uniao-evora\/wp-json\/wp\/v2\/types\/post"}],"author":[{"embeddable":true,"href":"https:\/\/sindicatos.cgtp.pt\/uniao-evora\/wp-json\/wp\/v2\/users\/41"}],"replies":[{"embeddable":true,"href":"https:\/\/sindicatos.cgtp.pt\/uniao-evora\/wp-json\/wp\/v2\/comments?post=1184"}],"version-history":[{"count":7,"href":"https:\/\/sindicatos.cgtp.pt\/uniao-evora\/wp-json\/wp\/v2\/posts\/1184\/revisions"}],"predecessor-version":[{"id":1229,"href":"https:\/\/sindicatos.cgtp.pt\/uniao-evora\/wp-json\/wp\/v2\/posts\/1184\/revisions\/1229"}],"wp:attachment":[{"href":"https:\/\/sindicatos.cgtp.pt\/uniao-evora\/wp-json\/wp\/v2\/media?parent=1184"}],"wp:term":[{"taxonomy":"category","embeddable":true,"href":"https:\/\/sindicatos.cgtp.pt\/uniao-evora\/wp-json\/wp\/v2\/categories?post=1184"},{"taxonomy":"post_tag","embeddable":true,"href":"https:\/\/sindicatos.cgtp.pt\/uniao-evora\/wp-json\/wp\/v2\/tags?post=1184"}],"curies":[{"name":"wp","href":"https:\/\/api.w.org\/{rel}","templated":true}]}}