{"id":1261,"date":"2015-04-12T10:50:14","date_gmt":"2015-04-12T10:50:14","guid":{"rendered":"http:\/\/sindicatos.cgtp.pt\/uniao-evora\/?p=1261"},"modified":"2015-05-04T15:00:08","modified_gmt":"2015-05-04T15:00:08","slug":"nacionalizacoes-grandes-realizacoes-da-revolucao-do-25-abril","status":"publish","type":"post","link":"https:\/\/sindicatos.cgtp.pt\/uniao-evora\/2015\/04\/12\/nacionalizacoes-grandes-realizacoes-da-revolucao-do-25-abril\/","title":{"rendered":"Nacionaliza\u00e7\u00f5es  grandes realiza\u00e7\u00f5es da Revolu\u00e7\u00e3o do 25 Abril"},"content":{"rendered":"<p><a href=\"https:\/\/sindicatos.cgtp.pt\/uniao-evora\/2015\/04\/12\/nacionalizacoes-grandes-realizacoes-da-revolucao-do-25-abril\/debate-40-anos-nacionalizacoes\/\" rel=\"attachment wp-att-1262\"><img loading=\"lazy\" decoding=\"async\" class=\"alignleft size-full wp-image-1262\" alt=\"debate - 40 anos nacionaliza\u00e7\u00f5es\" src=\"https:\/\/sindicatos.cgtp.pt\/uniao-evora\/wp-content\/blogs.dir\/44\/files\/sites\/44\/2015\/04\/debate-40-anos-nacionaliza\u00e7\u00f5es.jpg\" width=\"353\" height=\"198\" srcset=\"https:\/\/sindicatos.cgtp.pt\/uniao-evora\/wp-content\/blogs.dir\/44\/files\/sites\/44\/2015\/04\/debate-40-anos-nacionaliza\u00e7\u00f5es.jpg 800w, https:\/\/sindicatos.cgtp.pt\/uniao-evora\/wp-content\/blogs.dir\/44\/files\/sites\/44\/2015\/04\/debate-40-anos-nacionaliza\u00e7\u00f5es-240x135.jpg 240w\" sizes=\"auto, (max-width: 353px) 100vw, 353px\" \/><\/a>A Uni\u00e3o dos Sindicatos do Distrito de \u00c9vora\/CGTP-IN em conjunto com a FECTRANS promoveu no passado dia 11 de Abril, um Debate: &#8220;Servi\u00e7o p\u00fablico de transporte e comunica\u00e7\u00f5es. Desenvolver o distrito nos valores de Abril&#8221;, na sede da Uni\u00e3o de Freguesias da Malagueira e Horta da Figueira, em \u00c9vora. Para este Debate foram convidados Jos\u00e9 Manuel Oliveira; Andr\u00e9 Espenica e Fernando Sequeira.<!--more--><\/p>\n<p>Neste debate inserido no 40\u00ba anivers\u00e1rio das nacionaliza\u00e7\u00f5es foram abordados os seguintes temas: As conquistas alcan\u00e7adas com a revolu\u00e7\u00e3o do 25 Abril e as nacionaliza\u00e7\u00f5es, onde os trabalhadores viram alcan\u00e7ados direitos importantes, bem como as popula\u00e7\u00f5es viram reconhecida o direito ao transporte para todos de forma igual.<!--more--><\/p>\n<p>Um debate que analisou a actual situa\u00e7\u00e3o os efeitos nefasto da pol\u00edtica de direita, as suas causa, consequ\u00eancias e respons\u00e1veis, bem como as alternativas que garantam o Direito ao trabalho e ao trabalho com Direitos, parar as privatiza\u00e7\u00f5es e promover uma rede de transporte p\u00fablicos que serva os interesses da popula\u00e7\u00e3o para desenvolver o distrito e afirmar constitui\u00e7\u00e3o da rep\u00fablica Portuguesa e soberania nacional.<\/p>\n<p><i>A participa\u00e7\u00e3o confiante e determinada<\/i> <i>dos trabalhadores neste dia 1\u00ba de Maio, nas empresas, nos locais de trabalho, nas ruas de todo<\/i> <i>o pa\u00eds, constitui um <\/i>momento alto de mobiliza\u00e7\u00e3o e compromisso dos trabalhadores e do povo para prosseguir a luta por uma real alternativa pol\u00edtica, que valorize o trabalho, dignifique os trabalhadores e coloque Portugal no caminho do progresso, do desenvolvimento sustent\u00e1vel e da justi\u00e7a social; pela derrota da pol\u00edtica de direita e afirma\u00e7\u00e3o da exig\u00eancia de uma pol\u00edtica alternativa, de Esquerda e Soberana, por um Portugal com Futuro!<\/p>\n","protected":false},"excerpt":{"rendered":"<p>A Uni\u00e3o dos Sindicatos do Distrito de \u00c9vora\/CGTP-IN em conjunto com a FECTRANS promoveu no passado dia 11 de Abril, um Debate: &#8220;Servi\u00e7o p\u00fablico de transporte e comunica\u00e7\u00f5es. Desenvolver o distrito nos valores de Abril&#8221;, na sede da Uni\u00e3o de Freguesias da Malagueira e Horta<\/p>\n","protected":false},"author":41,"featured_media":0,"comment_status":"closed","ping_status":"open","sticky":false,"template":"","format":"standard","meta":{"footnotes":""},"categories":[4],"tags":[],"class_list":["post-1261","post","type-post","status-publish","format-standard","hentry","category-accao-sindical"],"_links":{"self":[{"href":"https:\/\/sindicatos.cgtp.pt\/uniao-evora\/wp-json\/wp\/v2\/posts\/1261","targetHints":{"allow":["GET"]}}],"collection":[{"href":"https:\/\/sindicatos.cgtp.pt\/uniao-evora\/wp-json\/wp\/v2\/posts"}],"about":[{"href":"https:\/\/sindicatos.cgtp.pt\/uniao-evora\/wp-json\/wp\/v2\/types\/post"}],"author":[{"embeddable":true,"href":"https:\/\/sindicatos.cgtp.pt\/uniao-evora\/wp-json\/wp\/v2\/users\/41"}],"replies":[{"embeddable":true,"href":"https:\/\/sindicatos.cgtp.pt\/uniao-evora\/wp-json\/wp\/v2\/comments?post=1261"}],"version-history":[{"count":3,"href":"https:\/\/sindicatos.cgtp.pt\/uniao-evora\/wp-json\/wp\/v2\/posts\/1261\/revisions"}],"predecessor-version":[{"id":1303,"href":"https:\/\/sindicatos.cgtp.pt\/uniao-evora\/wp-json\/wp\/v2\/posts\/1261\/revisions\/1303"}],"wp:attachment":[{"href":"https:\/\/sindicatos.cgtp.pt\/uniao-evora\/wp-json\/wp\/v2\/media?parent=1261"}],"wp:term":[{"taxonomy":"category","embeddable":true,"href":"https:\/\/sindicatos.cgtp.pt\/uniao-evora\/wp-json\/wp\/v2\/categories?post=1261"},{"taxonomy":"post_tag","embeddable":true,"href":"https:\/\/sindicatos.cgtp.pt\/uniao-evora\/wp-json\/wp\/v2\/tags?post=1261"}],"curies":[{"name":"wp","href":"https:\/\/api.w.org\/{rel}","templated":true}]}}