{"id":128,"date":"2013-05-27T10:54:28","date_gmt":"2013-05-27T10:54:28","guid":{"rendered":"http:\/\/sindicatos.cgtp.pt\/uniao-evora\/?p=128"},"modified":"2013-06-05T11:08:05","modified_gmt":"2013-06-05T11:08:05","slug":"dia-30-maio-vamos-dizer-nao-ao-roubo-dos-feriados","status":"publish","type":"post","link":"https:\/\/sindicatos.cgtp.pt\/uniao-evora\/2013\/05\/27\/dia-30-maio-vamos-dizer-nao-ao-roubo-dos-feriados\/","title":{"rendered":"Dia 30 Maio Vamos dizer n\u00e3o ao Roubo dos feriados!"},"content":{"rendered":"<p><span style=\"color: #000000\"><span style=\"font-size: medium\"><a href=\"https:\/\/sindicatos.cgtp.pt\/uniao-evora\/wp-content\/blogs.dir\/44\/files\/sites\/44\/2013\/05\/247474_446167608802779_2015227346_n.jpg\"><img loading=\"lazy\" decoding=\"async\" class=\"alignleft size-medium wp-image-139\" alt=\"247474_446167608802779_2015227346_n\" src=\"https:\/\/sindicatos.cgtp.pt\/uniao-evora\/wp-content\/blogs.dir\/44\/files\/sites\/44\/2013\/05\/247474_446167608802779_2015227346_n-240x159.jpg\" width=\"240\" height=\"159\" srcset=\"https:\/\/sindicatos.cgtp.pt\/uniao-evora\/wp-content\/blogs.dir\/44\/files\/sites\/44\/2013\/05\/247474_446167608802779_2015227346_n-240x159.jpg 240w, https:\/\/sindicatos.cgtp.pt\/uniao-evora\/wp-content\/blogs.dir\/44\/files\/sites\/44\/2013\/05\/247474_446167608802779_2015227346_n-800x532.jpg 800w, https:\/\/sindicatos.cgtp.pt\/uniao-evora\/wp-content\/blogs.dir\/44\/files\/sites\/44\/2013\/05\/247474_446167608802779_2015227346_n-120x80.jpg 120w, https:\/\/sindicatos.cgtp.pt\/uniao-evora\/wp-content\/blogs.dir\/44\/files\/sites\/44\/2013\/05\/247474_446167608802779_2015227346_n.jpg 960w\" sizes=\"auto, (max-width: 240px) 100vw, 240px\" \/><\/a>A<\/span><\/span><span style=\"color: #000000\"><span style=\"font-size: medium\">c\u00e7\u00f5es de Protesto e Luta Reivindicativa, pelo aumento dos sal\u00e1rios, pelo emprego, defesa dos direitos, contra o roubo dos feriados e combate ao trabalho gratuito, j\u00e1 marcada no distrito de \u00c9vora.<\/span><\/span><\/p>\n<p><span style=\"color: #000000\"><span style=\"font-size: medium\">SNTCT &#8211; Trabalhadores dos CTT no Centro de Distribui\u00e7\u00e3o de \u00c9vora (MAR\u00c9) realizam plen\u00e1rio \u00e0s 6h.<\/span><\/span><\/p>\n<p><span style=\"color: #000000\"><span style=\"font-size: medium\">SITE-SUL &#8211; Trabalhadores da Metalo-Nicho em Arraiolos realizam plen\u00e1rio \u00e0s 8h.<\/span><\/span><\/p>\n<p><span style=\"color: #000000\"><span style=\"font-size: medium\">Trabalhadores da Metalorigor em \u00c9vora realizam Plen\u00e1rio \u00e0s 9h.<\/span><\/span><\/p>\n<p><span style=\"color: #000000\"><span style=\"font-size: medium\">Trabalhadores da Multiauto em \u00c9vora realizam Plen\u00e1rio \u00e0s 10h.<\/span><\/span><\/p>\n<p><span style=\"color: #000000\"><span style=\"font-size: medium\">STAL &#8211; Trabalhadores da Administra\u00e7\u00e3o Local dos concelhos do Reguengos de Monsaraz; Vendas Novas e Vila Vi\u00e7osa\u00a0realizam plen\u00e1rios \u00e0s 8h.<\/span><\/span><\/p>\n<p><span style=\"color: #000000\"><span style=\"font-size: medium\">Alandroal; Arraiolos; Borba; \u00c9vora; Montemor-o-Novo; Mora; Portel; Redondo realizam plen\u00e1rios \u00e0s 11h.<\/span><\/span><\/p>\n<p><span style=\"color: #000000\"><span style=\"font-size: medium\">Viana do Alentejo realizam plen\u00e1rio \u00e0s 15h.<\/span><\/span><\/p>\n<p><span style=\"color: #000000\"><span style=\"font-size: medium\">STFPSA &#8211; Trabalhadores da ac\u00e7\u00e3o social da Universidade de \u00c9vora realizam plen\u00e1rio \u00e0s 14h30 junto ao port\u00e3o do Polo Lu\u00eds Antonio Verny da Universidade de \u00c9vora.<\/span><\/span><\/p>\n<p><span style=\"color: #000000\"><span style=\"font-size: medium\">SIESI &#8211; Trabalhadores da KEMET em \u00c9vora realizam plen\u00e1rio \u00e0s 13h30.<\/span><\/span><\/p>\n<p><span style=\"color: #000000\"><span style=\"font-size: medium\">Vamos acabar com este Governo, por fim \u00e0 Pol\u00edtica de Direita!<\/span><\/span><\/p>\n<p><span style=\"color: #000000\"><span style=\"font-size: medium\">Por um Portugal Desenvolvido e Soberano!<a href=\"https:\/\/sindicatos.cgtp.pt\/uniao-evora\/wp-content\/blogs.dir\/44\/files\/sites\/44\/2013\/05\/30maio-pag1.jpg\"><img loading=\"lazy\" decoding=\"async\" class=\"size-medium wp-image-133 alignright\" style=\"width: 179px;height: 240px\" alt=\"30maio-pag1\" src=\"https:\/\/sindicatos.cgtp.pt\/uniao-evora\/wp-content\/blogs.dir\/44\/files\/sites\/44\/2013\/05\/30maio-pag1-182x240.jpg\" width=\"284\" height=\"240\" \/><\/a><\/span><\/span><\/p>\n<p>&nbsp;<\/p>\n<p>&nbsp;<\/p>\n<p>&nbsp;<\/p>\n","protected":false},"excerpt":{"rendered":"<p>Ac\u00e7\u00f5es de Protesto e Luta Reivindicativa, pelo aumento dos sal\u00e1rios, pelo emprego, defesa dos direitos, contra o roubo dos feriados e combate ao trabalho gratuito, j\u00e1 marcada no distrito de \u00c9vora. SNTCT &#8211; Trabalhadores dos CTT no Centro de Distribui\u00e7\u00e3o de \u00c9vora (MAR\u00c9) realizam plen\u00e1rio<\/p>\n","protected":false},"author":41,"featured_media":0,"comment_status":"closed","ping_status":"open","sticky":false,"template":"","format":"standard","meta":{"footnotes":""},"categories":[4],"tags":[],"class_list":["post-128","post","type-post","status-publish","format-standard","hentry","category-accao-sindical"],"_links":{"self":[{"href":"https:\/\/sindicatos.cgtp.pt\/uniao-evora\/wp-json\/wp\/v2\/posts\/128","targetHints":{"allow":["GET"]}}],"collection":[{"href":"https:\/\/sindicatos.cgtp.pt\/uniao-evora\/wp-json\/wp\/v2\/posts"}],"about":[{"href":"https:\/\/sindicatos.cgtp.pt\/uniao-evora\/wp-json\/wp\/v2\/types\/post"}],"author":[{"embeddable":true,"href":"https:\/\/sindicatos.cgtp.pt\/uniao-evora\/wp-json\/wp\/v2\/users\/41"}],"replies":[{"embeddable":true,"href":"https:\/\/sindicatos.cgtp.pt\/uniao-evora\/wp-json\/wp\/v2\/comments?post=128"}],"version-history":[{"count":12,"href":"https:\/\/sindicatos.cgtp.pt\/uniao-evora\/wp-json\/wp\/v2\/posts\/128\/revisions"}],"predecessor-version":[{"id":131,"href":"https:\/\/sindicatos.cgtp.pt\/uniao-evora\/wp-json\/wp\/v2\/posts\/128\/revisions\/131"}],"wp:attachment":[{"href":"https:\/\/sindicatos.cgtp.pt\/uniao-evora\/wp-json\/wp\/v2\/media?parent=128"}],"wp:term":[{"taxonomy":"category","embeddable":true,"href":"https:\/\/sindicatos.cgtp.pt\/uniao-evora\/wp-json\/wp\/v2\/categories?post=128"},{"taxonomy":"post_tag","embeddable":true,"href":"https:\/\/sindicatos.cgtp.pt\/uniao-evora\/wp-json\/wp\/v2\/tags?post=128"}],"curies":[{"name":"wp","href":"https:\/\/api.w.org\/{rel}","templated":true}]}}