{"id":1631,"date":"2016-02-18T15:24:10","date_gmt":"2016-02-18T15:24:10","guid":{"rendered":"http:\/\/sindicatos.cgtp.pt\/uniao-evora\/?p=1631"},"modified":"2016-04-07T19:57:57","modified_gmt":"2016-04-07T19:57:57","slug":"8-marco-afirmar-a-igualdade-cumprir-a-constituicao","status":"publish","type":"post","link":"https:\/\/sindicatos.cgtp.pt\/uniao-evora\/2016\/02\/18\/8-marco-afirmar-a-igualdade-cumprir-a-constituicao\/","title":{"rendered":"8 Mar\u00e7o Afirmar a Igualdade &#8211; Cumprir a Constitui\u00e7\u00e3o"},"content":{"rendered":"<p align=\"justify\"><span style=\"font-family: 'Comic Sans MS', cursive\"><a href=\"https:\/\/sindicatos.cgtp.pt\/uniao-evora\/2016\/02\/18\/8-marco-afirmar-a-igualdade-cumprir-a-constituicao\/1904114_589286164490922_1703891197_n\/\" rel=\"attachment wp-att-1633\"><img loading=\"lazy\" decoding=\"async\" class=\"alignleft  wp-image-1633\" alt=\"8 Mar\u00e7o\" src=\"https:\/\/sindicatos.cgtp.pt\/uniao-evora\/wp-content\/blogs.dir\/44\/files\/sites\/44\/2016\/02\/1904114_589286164490922_1703891197_n-800x533.jpg\" width=\"384\" height=\"255\" srcset=\"https:\/\/sindicatos.cgtp.pt\/uniao-evora\/wp-content\/blogs.dir\/44\/files\/sites\/44\/2016\/02\/1904114_589286164490922_1703891197_n-800x533.jpg 800w, https:\/\/sindicatos.cgtp.pt\/uniao-evora\/wp-content\/blogs.dir\/44\/files\/sites\/44\/2016\/02\/1904114_589286164490922_1703891197_n-240x160.jpg 240w, https:\/\/sindicatos.cgtp.pt\/uniao-evora\/wp-content\/blogs.dir\/44\/files\/sites\/44\/2016\/02\/1904114_589286164490922_1703891197_n-120x80.jpg 120w, https:\/\/sindicatos.cgtp.pt\/uniao-evora\/wp-content\/blogs.dir\/44\/files\/sites\/44\/2016\/02\/1904114_589286164490922_1703891197_n.jpg 960w\" sizes=\"auto, (max-width: 384px) 100vw, 384px\" \/><\/a>A Comiss\u00e3o de Igualdade entre Mulheres e Homens (CIMH) da<\/span><span style=\"font-family: 'Comic Sans MS', cursive\"> USDE\/CGTP-IN, <\/span><span style=\"font-family: 'Comic Sans MS', cursive\">vai<\/span><span style=\"font-family: 'Comic Sans MS', cursive\"> assinalar o Dia Internacional da Mulher (8 de Mar\u00e7o) com o <\/span><span style=\"font-family: 'Comic Sans MS', cursive\"><b>LEMA:<\/b><\/span><span style=\"font-family: 'Comic Sans MS', cursive\"><b>&#8220;Afirmar a Igualdade \u2013 Cumprir a Constitui\u00e7\u00e3o!&#8221;<\/b><\/span><span style=\"font-family: 'Comic Sans MS', cursive\">, no distrito <\/span><span style=\"font-family: 'Comic Sans MS', cursive\">de \u00c9vora.<\/span><\/p>\n<p align=\"justify\"><span style=\"font-family: 'Comic Sans MS', cursive\"><b>O dia 8 <\/b><\/span><span style=\"font-family: 'Comic Sans MS', cursive\"><b>Mar\u00e7o \u00e9 um dia que assinala as raz\u00f5es de luta de todos os dias, vamos afirmar a nossa<\/b><\/span><span style=\"font-family: 'Comic Sans MS', cursive\"> ac\u00e7\u00e3o e luta em torno do aumento geral dos sal\u00e1rios e do fim das discrimina\u00e7\u00f5es salariais, da redu\u00e7\u00e3o do hor\u00e1rio de trabalho e da concilia\u00e7\u00e3o, da valoriza\u00e7\u00e3o das profiss\u00f5es e carreiras, do direito \u00e0 negocia\u00e7\u00e3o e contrata\u00e7\u00e3o colectiva, da defesa das liberdades sindicais, da melhoria das fun\u00e7\u00f5es sociais do Estado, na educa\u00e7\u00e3o, sa\u00fade, seguran\u00e7a social e no acesso \u00e0 habita\u00e7\u00e3o e \u00e0 justi\u00e7a<!--more--><\/span><\/p>\n<p align=\"justify\"><span style=\"font-family: 'Comic Sans MS', cursive\"><b>Onde todas as trabalhadores e trabalhadores podem convergir para a <\/b><\/span><span style=\"font-family: 'Comic Sans MS', cursive\"><b>concentra\u00e7\u00e3o<\/b><\/span><span style=\"font-family: 'Comic Sans MS', cursive\"> j\u00e1 convocada para a <\/span><span style=\"font-family: 'Comic Sans MS', cursive\"><b>Pra\u00e7a do Giraldo \u00e0s 17H30<\/b><\/span><span style=\"font-family: 'Comic Sans MS', cursive\">, <\/span><span style=\"font-family: 'Comic Sans MS', cursive\">para que as sua<\/span><span style=\"font-family: 'Comic Sans MS', cursive\"> reivindica\u00e7\u00f5es estejam presentes nesta ac\u00e7\u00e3o de luta<\/span><\/p>\n<p align=\"justify\"><span style=\"font-family: 'Comic Sans MS', cursive\">Porque este \u00e9 um dia de luta mas tamb\u00e9m de comemora\u00e7\u00e3o estando desde j\u00e1 <\/span><span style=\"font-family: 'Comic Sans MS', cursive\"><b>todos e todas <\/b><\/span><span style=\"font-family: 'Comic Sans MS', cursive\"><b>convidas a participar <\/b><\/span><span style=\"font-family: 'Comic Sans MS', cursive\"><b>no Jantar Comemorativo pelas 19H30 no Monte Alentejano em \u00c9vora,<\/b><\/span><span style=\"font-family: 'Comic Sans MS', cursive\"> que contar\u00e1 com a interven\u00e7\u00e3o sindical da camarada da CIMH e da INTERJOVEM Filipa Costa, o jantar tem um custo de 8 lutas por participante.<\/span><\/p>\n<p align=\"justify\"><a href=\"https:\/\/sindicatos.cgtp.pt\/uniao-evora\/wp-admin\/post.php?post=1657&amp;action=edit&amp;message=6\">Manifesto<\/a><\/p>\n","protected":false},"excerpt":{"rendered":"<p>A Comiss\u00e3o de Igualdade entre Mulheres e Homens (CIMH) da USDE\/CGTP-IN, vai assinalar o Dia Internacional da Mulher (8 de Mar\u00e7o) com o LEMA:&#8220;Afirmar a Igualdade \u2013 Cumprir a Constitui\u00e7\u00e3o!&#8221;, no distrito de \u00c9vora. O dia 8 Mar\u00e7o \u00e9 um dia que assinala as raz\u00f5es<\/p>\n","protected":false},"author":41,"featured_media":0,"comment_status":"closed","ping_status":"open","sticky":false,"template":"","format":"standard","meta":{"footnotes":""},"categories":[4],"tags":[],"class_list":["post-1631","post","type-post","status-publish","format-standard","hentry","category-accao-sindical"],"_links":{"self":[{"href":"https:\/\/sindicatos.cgtp.pt\/uniao-evora\/wp-json\/wp\/v2\/posts\/1631","targetHints":{"allow":["GET"]}}],"collection":[{"href":"https:\/\/sindicatos.cgtp.pt\/uniao-evora\/wp-json\/wp\/v2\/posts"}],"about":[{"href":"https:\/\/sindicatos.cgtp.pt\/uniao-evora\/wp-json\/wp\/v2\/types\/post"}],"author":[{"embeddable":true,"href":"https:\/\/sindicatos.cgtp.pt\/uniao-evora\/wp-json\/wp\/v2\/users\/41"}],"replies":[{"embeddable":true,"href":"https:\/\/sindicatos.cgtp.pt\/uniao-evora\/wp-json\/wp\/v2\/comments?post=1631"}],"version-history":[{"count":7,"href":"https:\/\/sindicatos.cgtp.pt\/uniao-evora\/wp-json\/wp\/v2\/posts\/1631\/revisions"}],"predecessor-version":[{"id":1709,"href":"https:\/\/sindicatos.cgtp.pt\/uniao-evora\/wp-json\/wp\/v2\/posts\/1631\/revisions\/1709"}],"wp:attachment":[{"href":"https:\/\/sindicatos.cgtp.pt\/uniao-evora\/wp-json\/wp\/v2\/media?parent=1631"}],"wp:term":[{"taxonomy":"category","embeddable":true,"href":"https:\/\/sindicatos.cgtp.pt\/uniao-evora\/wp-json\/wp\/v2\/categories?post=1631"},{"taxonomy":"post_tag","embeddable":true,"href":"https:\/\/sindicatos.cgtp.pt\/uniao-evora\/wp-json\/wp\/v2\/tags?post=1631"}],"curies":[{"name":"wp","href":"https:\/\/api.w.org\/{rel}","templated":true}]}}