{"id":1763,"date":"2016-04-20T21:00:57","date_gmt":"2016-04-20T21:00:57","guid":{"rendered":"http:\/\/sindicatos.cgtp.pt\/uniao-evora\/?p=1763"},"modified":"2016-05-03T20:54:59","modified_gmt":"2016-05-03T20:54:59","slug":"desporto-cultura-gastronomia-e-luta-presentes-no-1-maio-do-distrito-evora","status":"publish","type":"post","link":"https:\/\/sindicatos.cgtp.pt\/uniao-evora\/2016\/04\/20\/desporto-cultura-gastronomia-e-luta-presentes-no-1-maio-do-distrito-evora\/","title":{"rendered":"DESPORTO, CULTURA, GASTRONOMIA E LUTA PRESENTES NO 1 MAIO DO DISTRITO \u00c9VORA"},"content":{"rendered":"<p><a href=\"https:\/\/sindicatos.cgtp.pt\/uniao-evora\/2016\/04\/10\/greve-no-hospital-espirito-santo-de-evora-epe\/12924502_1112121422152426_4628042439980159914_n-2\/\" rel=\"attachment wp-att-1719\"><img loading=\"lazy\" decoding=\"async\" class=\"alignleft  wp-image-1719\" alt=\"12924502_1112121422152426_4628042439980159914_n\" src=\"https:\/\/sindicatos.cgtp.pt\/uniao-evora\/wp-content\/blogs.dir\/44\/files\/sites\/44\/2016\/04\/12924502_1112121422152426_4628042439980159914_n1-598x800.jpg\" width=\"288\" height=\"385\" srcset=\"https:\/\/sindicatos.cgtp.pt\/uniao-evora\/wp-content\/blogs.dir\/44\/files\/sites\/44\/2016\/04\/12924502_1112121422152426_4628042439980159914_n1-598x800.jpg 598w, https:\/\/sindicatos.cgtp.pt\/uniao-evora\/wp-content\/blogs.dir\/44\/files\/sites\/44\/2016\/04\/12924502_1112121422152426_4628042439980159914_n1-179x240.jpg 179w, https:\/\/sindicatos.cgtp.pt\/uniao-evora\/wp-content\/blogs.dir\/44\/files\/sites\/44\/2016\/04\/12924502_1112121422152426_4628042439980159914_n1.jpg 718w\" sizes=\"auto, (max-width: 288px) 100vw, 288px\" \/><\/a>As comemora\u00e7\u00f5es do 1 Maio da CGTP-IN no distrito de \u00c9vora, tem um vasto programa, onde os trabalhadores e popula\u00e7\u00e3o em geral pode participar.<\/p>\n<p>Sobe o lema &#8220;Avan\u00e7ar pela mudan\u00e7a! Defender, Repor e Conquistar Direitos&#8221; o\u00a01 de Maio, que este ano assinala o 130\u00ba Anivers\u00e1rio dos tr\u00e1gicos acontecimentos ocorridos em Chicago, no ano de 1886 e que est\u00e3o na origem das comemora\u00e7\u00f5es do Dia Internacional do Trabalhador, est\u00e1 tamb\u00e9m inserido nestas comemora\u00e7\u00f5es o 40\u00ba Anivers\u00e1rio da Constitui\u00e7\u00e3o de Rep\u00fablica Portuguesa.<!--more--><\/p>\n<p>A parte da manh\u00e3 est\u00e1 dedicada ao desporto e \u00e0 cultura. Zumba, malha, chinquilho e sueca em Vendas Novas, mini caminhada, aula de manuten\u00e7\u00e3o f\u00edsica e zumba em Montemor-o-Novo, passeio ciclotur\u00edstico em \u00c9vora que tamb\u00e9m conta com a inaugura\u00e7\u00e3o da exposi\u00e7\u00e3o sobre os 40 anos da Constitui\u00e7\u00e3o da Rep\u00fablica Portuguesa e com a interven\u00e7\u00e3o de Jos\u00e9 Ernesto Cartaxo &#8211; Sindicalista e ex-preso pol\u00edtico e Carlos Pinto S\u00e1 &#8211; Presidente C\u00e2mara Municipal de \u00c9vora.<\/p>\n<p>A tarde conta com a grande ac\u00e7\u00e3o de luta e as manifesta\u00e7\u00f5es em <b>Vendas Novas \u00e0s 14H concentra\u00e7\u00e3o no Jardim P\u00fablico<\/b>, em\u00a0<b>Montemor-o-Novo \u00e0s 14H30 no Largo Calouste Gulbenkian<\/b>\u00a0com manifesta\u00e7\u00e3o at\u00e9 ao Jardim da Esta\u00e7\u00e3o e em\u00a0<b>\u00c9vora \u00e0s 14H30 no Teatro Garcia de Resende<\/b>\u00a0com manifesta\u00e7\u00e3o at\u00e9 \u00e0 Pra\u00e7a 1 Maio.<\/p>\n<p>O espa\u00e7o crian\u00e7a uma novidade que se encontra nos locais de realiza\u00e7\u00e3o das comemora\u00e7\u00f5es do 1 Maio, onde as crian\u00e7a podem divertir-se e brincar nos insufl\u00e1veis, pintura de caras e jogos tradicionais.<\/p>\n<p>Logo a seguir \u00e0s interven\u00e7\u00f5es pol\u00edtica e sindicais, destaca-se os momentos culturais com artista do nosso distrito e regi\u00e3o Alentejo, em Vendas novas actuam a banda &#8220;Dona Mara&#8221; e &#8220;Telmo Falc\u00e3o, em Montemor-o-Novo actuam &#8220;Musica \u00e0 paisana&#8221; e os &#8220;Nova Aurora&#8221;, em \u00c9vora os &#8220;Travadores do Redondo&#8221; animam a tarde no Largo 1 Maio.<\/p>\n<p>N\u00e3o podemos ficar apenas pelos direitos recuperados. A melhoria das condi\u00e7\u00f5es de vida e de trabalho e a garantia de um futuro melhor n\u00e3o se alcan\u00e7am pela passividade ou expectativa. \u00c9 preciso reivindicar, agir e lutar.\u00a0Neste sentido a USDE\/CGTP-IN apela a todos os trabalhadores e popula\u00e7\u00e3o geral que se mobilizem e unam em torno das vossa reivindica\u00e7\u00f5es e participem activamente nas manifesta\u00e7\u00e3o do 1 Maio.<\/p>\n<p><a href=\"\t\t\t\t&lt;div class=&quot;gallery_box&quot;&gt;\n\t\t\t\t\t&lt;ul&gt;\n\t\t\t\t\t\t\t\t\t\t\t&lt;\/ul&gt;\n\t\t\t\t&lt;\/div&gt;&lt;!-- .gallery_box --&gt;\n\t\t\t\t\">Programas 1 Maio completos<\/a><\/p>\n","protected":false},"excerpt":{"rendered":"<p>As comemora\u00e7\u00f5es do 1 Maio da CGTP-IN no distrito de \u00c9vora, tem um vasto programa, onde os trabalhadores e popula\u00e7\u00e3o em geral pode participar. Sobe o lema &#8220;Avan\u00e7ar pela mudan\u00e7a! Defender, Repor e Conquistar Direitos&#8221; o\u00a01 de Maio, que este ano assinala o 130\u00ba Anivers\u00e1rio<\/p>\n","protected":false},"author":41,"featured_media":0,"comment_status":"closed","ping_status":"open","sticky":false,"template":"","format":"standard","meta":{"footnotes":""},"categories":[4],"tags":[],"class_list":["post-1763","post","type-post","status-publish","format-standard","hentry","category-accao-sindical"],"_links":{"self":[{"href":"https:\/\/sindicatos.cgtp.pt\/uniao-evora\/wp-json\/wp\/v2\/posts\/1763","targetHints":{"allow":["GET"]}}],"collection":[{"href":"https:\/\/sindicatos.cgtp.pt\/uniao-evora\/wp-json\/wp\/v2\/posts"}],"about":[{"href":"https:\/\/sindicatos.cgtp.pt\/uniao-evora\/wp-json\/wp\/v2\/types\/post"}],"author":[{"embeddable":true,"href":"https:\/\/sindicatos.cgtp.pt\/uniao-evora\/wp-json\/wp\/v2\/users\/41"}],"replies":[{"embeddable":true,"href":"https:\/\/sindicatos.cgtp.pt\/uniao-evora\/wp-json\/wp\/v2\/comments?post=1763"}],"version-history":[{"count":7,"href":"https:\/\/sindicatos.cgtp.pt\/uniao-evora\/wp-json\/wp\/v2\/posts\/1763\/revisions"}],"predecessor-version":[{"id":1830,"href":"https:\/\/sindicatos.cgtp.pt\/uniao-evora\/wp-json\/wp\/v2\/posts\/1763\/revisions\/1830"}],"wp:attachment":[{"href":"https:\/\/sindicatos.cgtp.pt\/uniao-evora\/wp-json\/wp\/v2\/media?parent=1763"}],"wp:term":[{"taxonomy":"category","embeddable":true,"href":"https:\/\/sindicatos.cgtp.pt\/uniao-evora\/wp-json\/wp\/v2\/categories?post=1763"},{"taxonomy":"post_tag","embeddable":true,"href":"https:\/\/sindicatos.cgtp.pt\/uniao-evora\/wp-json\/wp\/v2\/tags?post=1763"}],"curies":[{"name":"wp","href":"https:\/\/api.w.org\/{rel}","templated":true}]}}