{"id":2038,"date":"2016-09-30T13:04:08","date_gmt":"2016-09-30T13:04:08","guid":{"rendered":"http:\/\/sindicatos.cgtp.pt\/uniao-evora\/?p=2038"},"modified":"2016-10-01T09:42:21","modified_gmt":"2016-10-01T09:42:21","slug":"1-outubro-2016-comemoram-se-os-46-anos-da-cgtp-in","status":"publish","type":"post","link":"https:\/\/sindicatos.cgtp.pt\/uniao-evora\/2016\/09\/30\/1-outubro-2016-comemoram-se-os-46-anos-da-cgtp-in\/","title":{"rendered":"1 outubro 2016 comemoram-se os 46 anos da CGTP-IN"},"content":{"rendered":"<p><span style=\"color: #000000;font-family: Times New Roman;font-size: medium\"><a href=\"https:\/\/sindicatos.cgtp.pt\/uniao-evora\/2016\/09\/30\/1-outubro-2016-comemoram-se-os-46-anos-da-cgtp-in\/logo_rgb_46_aniversario_cgtp\/\" rel=\"attachment wp-att-2039\"><img loading=\"lazy\" decoding=\"async\" class=\"alignleft size-medium wp-image-2039\" alt=\"LOGO_RGB_46_Aniversario_CGTP\" src=\"https:\/\/sindicatos.cgtp.pt\/uniao-evora\/wp-content\/blogs.dir\/44\/files\/sites\/44\/2016\/09\/LOGO_RGB_46_Aniversario_CGTP-216x240.jpg\" width=\"216\" height=\"240\" srcset=\"https:\/\/sindicatos.cgtp.pt\/uniao-evora\/wp-content\/blogs.dir\/44\/files\/sites\/44\/2016\/09\/LOGO_RGB_46_Aniversario_CGTP-216x240.jpg 216w, https:\/\/sindicatos.cgtp.pt\/uniao-evora\/wp-content\/blogs.dir\/44\/files\/sites\/44\/2016\/09\/LOGO_RGB_46_Aniversario_CGTP.jpg 682w\" sizes=\"auto, (max-width: 216px) 100vw, 216px\" \/><\/a>A Uni\u00e3o dos Sindicatos do Distrito de \u00c9vora\/CGTP-IN sa\u00fada todos os dirigentes, delegados activistas sindicais e trabalhadores do distrito que participara de forma corajosa e determinada na semana de luta convocada pela CGTP-IN sobre o lema \u201cReivindicar e lutar, desenvolver o pa\u00eds, defender, repor e conquistar direitos!\u201d, que teve express\u00e3o em todo o distrito, abrangendo os principais sectores de actividade. Desde dia 26 de setembro e que termina hoje dia 30 Setembro, com um encontro de Jovens Trabalhadores a prepararem a 8 Confer\u00eancia Nacional da INTERJOVEM\/CGTP-IN.<!--more--><\/span><span style=\"color: #000000;font-family: Times New Roman;font-size: medium\"><br \/>\n<\/span><\/p>\n<p><span style=\"color: #000000;font-family: Times New Roman;font-size: medium\">Uma intensa semana de esclarecimento e reivindica\u00e7\u00e3o dos trabalhadores, que confirma a necessidade de aumentos geral dos sal\u00e1rios e do Sal\u00e1rio M\u00ednimo Nacional (600\u20ac em Janeiro de 2017), emprego com direitos, contra o desemprego e a precariedade, reposi\u00e7\u00e3o do direito de negocia\u00e7\u00e3o e contrata\u00e7\u00e3o colectiva, por melhores condi\u00e7\u00f5es e trabalho e de vida.<\/span><\/p>\n<p><span style=\"color: #000000;font-family: Times New Roman;font-size: medium\">Dando seguimento \u00e0 semana de luta que acabamos de terminar, a USDE\/CGTP-IN vai assinalar amanh\u00e3 dia 1 de Outubro o 46\u00ba anivers\u00e1rio da gloriosa central sindical de classe a CGTP-IN, com uma ac\u00e7\u00e3o de contacto a partir das 8H junto ao mercado 1\u00ba de Maio em \u00c9vora.<\/span><\/p>\n<p><span style=\"color: #000000;font-family: Times New Roman;font-size: medium\">Esta ac\u00e7\u00e3o pretende assinalar o anivers\u00e1rio da CGTP-IN, bem como recolher a peti\u00e7\u00e3o \u201cGarantir o direito \u00e0 contrata\u00e7\u00e3o colectiva! Revogar a norma da caducidade das conven\u00e7\u00f5es colectiva! Assegurar o direito de negocia\u00e7\u00e3o na Administra\u00e7\u00e3o P\u00fablica! Vamos tamb\u00e9m esclarecer e mobilizar a popula\u00e7\u00e3o em geral, para a luta que vamos ter que travar. Valorizamos os resultados obtidos pela luta dos trabalhadores, mas \u00e9 preciso ir mais longe! Temos direito e exigimos uma vida melhor.<\/span><b><span style=\"color: #000000;font-family: Times New Roman\">\u00a0<\/span><\/b><\/p>\n<p><b><\/b><b><span style=\"color: #000000;font-family: Times New Roman\">46 Anos, com os trabalhadores! Defender, repor e Conquistar direitos! <\/span><\/b><\/p>\n","protected":false},"excerpt":{"rendered":"<p>A Uni\u00e3o dos Sindicatos do Distrito de \u00c9vora\/CGTP-IN sa\u00fada todos os dirigentes, delegados activistas sindicais e trabalhadores do distrito que participara de forma corajosa e determinada na semana de luta convocada pela CGTP-IN sobre o lema \u201cReivindicar e lutar, desenvolver o pa\u00eds, defender, repor e<\/p>\n","protected":false},"author":41,"featured_media":0,"comment_status":"closed","ping_status":"open","sticky":false,"template":"","format":"standard","meta":{"footnotes":""},"categories":[4,1],"tags":[],"class_list":["post-2038","post","type-post","status-publish","format-standard","hentry","category-accao-sindical","category-noticias"],"_links":{"self":[{"href":"https:\/\/sindicatos.cgtp.pt\/uniao-evora\/wp-json\/wp\/v2\/posts\/2038","targetHints":{"allow":["GET"]}}],"collection":[{"href":"https:\/\/sindicatos.cgtp.pt\/uniao-evora\/wp-json\/wp\/v2\/posts"}],"about":[{"href":"https:\/\/sindicatos.cgtp.pt\/uniao-evora\/wp-json\/wp\/v2\/types\/post"}],"author":[{"embeddable":true,"href":"https:\/\/sindicatos.cgtp.pt\/uniao-evora\/wp-json\/wp\/v2\/users\/41"}],"replies":[{"embeddable":true,"href":"https:\/\/sindicatos.cgtp.pt\/uniao-evora\/wp-json\/wp\/v2\/comments?post=2038"}],"version-history":[{"count":4,"href":"https:\/\/sindicatos.cgtp.pt\/uniao-evora\/wp-json\/wp\/v2\/posts\/2038\/revisions"}],"predecessor-version":[{"id":2050,"href":"https:\/\/sindicatos.cgtp.pt\/uniao-evora\/wp-json\/wp\/v2\/posts\/2038\/revisions\/2050"}],"wp:attachment":[{"href":"https:\/\/sindicatos.cgtp.pt\/uniao-evora\/wp-json\/wp\/v2\/media?parent=2038"}],"wp:term":[{"taxonomy":"category","embeddable":true,"href":"https:\/\/sindicatos.cgtp.pt\/uniao-evora\/wp-json\/wp\/v2\/categories?post=2038"},{"taxonomy":"post_tag","embeddable":true,"href":"https:\/\/sindicatos.cgtp.pt\/uniao-evora\/wp-json\/wp\/v2\/tags?post=2038"}],"curies":[{"name":"wp","href":"https:\/\/api.w.org\/{rel}","templated":true}]}}