{"id":2052,"date":"2016-10-01T09:59:22","date_gmt":"2016-10-01T09:59:22","guid":{"rendered":"http:\/\/sindicatos.cgtp.pt\/uniao-evora\/?p=2052"},"modified":"2016-10-26T17:51:08","modified_gmt":"2016-10-26T17:51:08","slug":"46o-aniversario-cgtp-in-nas-ruas-evora","status":"publish","type":"post","link":"https:\/\/sindicatos.cgtp.pt\/uniao-evora\/2016\/10\/01\/46o-aniversario-cgtp-in-nas-ruas-evora\/","title":{"rendered":"46\u00ba Anivers\u00e1rio CGTP-IN nas ruas \u00c9vora"},"content":{"rendered":"<p><a href=\"https:\/\/sindicatos.cgtp.pt\/uniao-evora\/2016\/10\/01\/46o-aniversario-cgtp-in-nas-ruas-evora\/img_20161001_083359\/\" rel=\"attachment wp-att-2055\"><img loading=\"lazy\" decoding=\"async\" class=\"alignleft size-medium wp-image-2055\" alt=\"1 Outrubro 46 Anivers\u00e1rio CGTP-IN\" src=\"https:\/\/sindicatos.cgtp.pt\/uniao-evora\/wp-content\/blogs.dir\/44\/files\/sites\/44\/2016\/10\/IMG_20161001_083359-134x240.jpg\" width=\"134\" height=\"240\" srcset=\"https:\/\/sindicatos.cgtp.pt\/uniao-evora\/wp-content\/blogs.dir\/44\/files\/sites\/44\/2016\/10\/IMG_20161001_083359-134x240.jpg 134w, https:\/\/sindicatos.cgtp.pt\/uniao-evora\/wp-content\/blogs.dir\/44\/files\/sites\/44\/2016\/10\/IMG_20161001_083359-449x800.jpg 449w, https:\/\/sindicatos.cgtp.pt\/uniao-evora\/wp-content\/blogs.dir\/44\/files\/sites\/44\/2016\/10\/IMG_20161001_083359.jpg 575w\" sizes=\"auto, (max-width: 134px) 100vw, 134px\" \/><\/a>Dirigentes da Uni\u00e3o dos Sindicatos do Distrito de \u00c9vora\/CGTP-IN, assinalaram o 46\u00ba anivers\u00e1rio CGTP-IN na rua com uma ac\u00e7\u00e3o de contacto junto ao mercado 1\u00ba de Maio em \u00c9vora.<\/p>\n<p>Durante a \u00faltima semana o 46\u00ba anivers\u00e1rio CGTP-IN foi assinalado em dezenas de plen\u00e1rios e contacto com os trabalhadores nos locais de trabalho, a iniciativa de contribui-o para refor\u00e7ar no distrito a recolha da peti\u00e7\u00e3o \u201cGarantir o direito \u00e0 contrata\u00e7\u00e3o colectiva! Revogar a norma da caducidade das conven\u00e7\u00f5es colectiva! Assegurar o direito de negocia\u00e7\u00e3o na Administra\u00e7\u00e3o P\u00fablica!<\/p>\n<p><b>46 Anos, com os trabalhadores! Defender, repor e Conquistar direitos! <\/b><\/p>\n","protected":false},"excerpt":{"rendered":"<p>Dirigentes da Uni\u00e3o dos Sindicatos do Distrito de \u00c9vora\/CGTP-IN, assinalaram o 46\u00ba anivers\u00e1rio CGTP-IN na rua com uma ac\u00e7\u00e3o de contacto junto ao mercado 1\u00ba de Maio em \u00c9vora. Durante a \u00faltima semana o 46\u00ba anivers\u00e1rio CGTP-IN foi assinalado em dezenas de plen\u00e1rios e contacto<\/p>\n","protected":false},"author":41,"featured_media":0,"comment_status":"closed","ping_status":"open","sticky":false,"template":"","format":"standard","meta":{"footnotes":""},"categories":[4,1],"tags":[],"class_list":["post-2052","post","type-post","status-publish","format-standard","hentry","category-accao-sindical","category-noticias"],"_links":{"self":[{"href":"https:\/\/sindicatos.cgtp.pt\/uniao-evora\/wp-json\/wp\/v2\/posts\/2052","targetHints":{"allow":["GET"]}}],"collection":[{"href":"https:\/\/sindicatos.cgtp.pt\/uniao-evora\/wp-json\/wp\/v2\/posts"}],"about":[{"href":"https:\/\/sindicatos.cgtp.pt\/uniao-evora\/wp-json\/wp\/v2\/types\/post"}],"author":[{"embeddable":true,"href":"https:\/\/sindicatos.cgtp.pt\/uniao-evora\/wp-json\/wp\/v2\/users\/41"}],"replies":[{"embeddable":true,"href":"https:\/\/sindicatos.cgtp.pt\/uniao-evora\/wp-json\/wp\/v2\/comments?post=2052"}],"version-history":[{"count":4,"href":"https:\/\/sindicatos.cgtp.pt\/uniao-evora\/wp-json\/wp\/v2\/posts\/2052\/revisions"}],"predecessor-version":[{"id":2058,"href":"https:\/\/sindicatos.cgtp.pt\/uniao-evora\/wp-json\/wp\/v2\/posts\/2052\/revisions\/2058"}],"wp:attachment":[{"href":"https:\/\/sindicatos.cgtp.pt\/uniao-evora\/wp-json\/wp\/v2\/media?parent=2052"}],"wp:term":[{"taxonomy":"category","embeddable":true,"href":"https:\/\/sindicatos.cgtp.pt\/uniao-evora\/wp-json\/wp\/v2\/categories?post=2052"},{"taxonomy":"post_tag","embeddable":true,"href":"https:\/\/sindicatos.cgtp.pt\/uniao-evora\/wp-json\/wp\/v2\/tags?post=2052"}],"curies":[{"name":"wp","href":"https:\/\/api.w.org\/{rel}","templated":true}]}}