{"id":2078,"date":"2016-10-27T16:38:10","date_gmt":"2016-10-27T16:38:10","guid":{"rendered":"http:\/\/sindicatos.cgtp.pt\/uniao-evora\/?p=2078"},"modified":"2016-11-08T11:43:00","modified_gmt":"2016-11-08T11:43:00","slug":"greve-dos-trabalhadores-de-vigilancia-privada","status":"publish","type":"post","link":"https:\/\/sindicatos.cgtp.pt\/uniao-evora\/2016\/10\/27\/greve-dos-trabalhadores-de-vigilancia-privada\/","title":{"rendered":"Greve dos trabalhadores de vigil\u00e2ncia privada tamb\u00e9m em \u00c9vora"},"content":{"rendered":"<p><a href=\"https:\/\/sindicatos.cgtp.pt\/uniao-evora\/2016\/10\/27\/greve-dos-trabalhadores-de-vigilancia-privada\/greve27outubro-1\/\" rel=\"attachment wp-att-2082\"><img loading=\"lazy\" decoding=\"async\" class=\"alignleft size-medium wp-image-2082\" alt=\"greve27outubro-1\" src=\"https:\/\/sindicatos.cgtp.pt\/uniao-evora\/wp-content\/blogs.dir\/44\/files\/sites\/44\/2016\/10\/greve27outubro-1-240x143.png\" width=\"240\" height=\"143\" srcset=\"https:\/\/sindicatos.cgtp.pt\/uniao-evora\/wp-content\/blogs.dir\/44\/files\/sites\/44\/2016\/10\/greve27outubro-1-240x143.png 240w, https:\/\/sindicatos.cgtp.pt\/uniao-evora\/wp-content\/blogs.dir\/44\/files\/sites\/44\/2016\/10\/greve27outubro-1.png 425w\" sizes=\"auto, (max-width: 240px) 100vw, 240px\" \/><\/a>Os trabalhadores de vigil\u00e2ncia privada realizam hoje uma greve de 24 horas no plano nacional, sendo que no distrito de \u00c9vora a ades\u00e3o \u00e0 greve acompanhou a din\u00e2mica nacional e com um destaque para os trabalhadores do grupo PROSEGUR, com perturba\u00e7\u00f5es de funcionamento em algumas portarias de edif\u00edcios .<!--more--><\/p>\n<p>Os trabalhadores de vigil\u00e2ncia do distrito engrossaram a concentra\u00e7\u00e3o de protesto e rep\u00fadio, frente \u00e0 sede da Associa\u00e7\u00e3o patronal, em Lisboa. Lutam contra a caducidade e pela melhoria do contrato colectivo de trabalho, por aumentos salariais dignos, contra a tentativa patronal de impor o \u201cbanco horas\u201d, o pagamento a \u201csingelo\u201c do trabalho extraordin\u00e1rio, a taxa \u00fanica de 40% para o trabalho extraordin\u00e1rio, o roubo das folgas compensat\u00f3rias de trabalho extra ordin\u00e1rio e o roubo do trabalho nocturno aos trabalhadores mais antigos.<\/p>\n<p><a href=\"http:\/\/stad.pt\/\">Fonte: STAD<\/a><\/p>\n","protected":false},"excerpt":{"rendered":"<p>Os trabalhadores de vigil\u00e2ncia privada realizam hoje uma greve de 24 horas no plano nacional, sendo que no distrito de \u00c9vora a ades\u00e3o \u00e0 greve acompanhou a din\u00e2mica nacional e com um destaque para os trabalhadores do grupo PROSEGUR, com perturba\u00e7\u00f5es de funcionamento em algumas<\/p>\n","protected":false},"author":41,"featured_media":0,"comment_status":"closed","ping_status":"open","sticky":false,"template":"","format":"standard","meta":{"footnotes":""},"categories":[4,1],"tags":[],"class_list":["post-2078","post","type-post","status-publish","format-standard","hentry","category-accao-sindical","category-noticias"],"_links":{"self":[{"href":"https:\/\/sindicatos.cgtp.pt\/uniao-evora\/wp-json\/wp\/v2\/posts\/2078","targetHints":{"allow":["GET"]}}],"collection":[{"href":"https:\/\/sindicatos.cgtp.pt\/uniao-evora\/wp-json\/wp\/v2\/posts"}],"about":[{"href":"https:\/\/sindicatos.cgtp.pt\/uniao-evora\/wp-json\/wp\/v2\/types\/post"}],"author":[{"embeddable":true,"href":"https:\/\/sindicatos.cgtp.pt\/uniao-evora\/wp-json\/wp\/v2\/users\/41"}],"replies":[{"embeddable":true,"href":"https:\/\/sindicatos.cgtp.pt\/uniao-evora\/wp-json\/wp\/v2\/comments?post=2078"}],"version-history":[{"count":5,"href":"https:\/\/sindicatos.cgtp.pt\/uniao-evora\/wp-json\/wp\/v2\/posts\/2078\/revisions"}],"predecessor-version":[{"id":2091,"href":"https:\/\/sindicatos.cgtp.pt\/uniao-evora\/wp-json\/wp\/v2\/posts\/2078\/revisions\/2091"}],"wp:attachment":[{"href":"https:\/\/sindicatos.cgtp.pt\/uniao-evora\/wp-json\/wp\/v2\/media?parent=2078"}],"wp:term":[{"taxonomy":"category","embeddable":true,"href":"https:\/\/sindicatos.cgtp.pt\/uniao-evora\/wp-json\/wp\/v2\/categories?post=2078"},{"taxonomy":"post_tag","embeddable":true,"href":"https:\/\/sindicatos.cgtp.pt\/uniao-evora\/wp-json\/wp\/v2\/tags?post=2078"}],"curies":[{"name":"wp","href":"https:\/\/api.w.org\/{rel}","templated":true}]}}