{"id":2133,"date":"2016-12-23T19:09:13","date_gmt":"2016-12-23T19:09:13","guid":{"rendered":"http:\/\/sindicatos.cgtp.pt\/uniao-evora\/?p=2133"},"modified":"2017-01-20T14:09:46","modified_gmt":"2017-01-20T14:09:46","slug":"nao-e-suficiente-o-aumento-557e-do-salario-minimo-nacional","status":"publish","type":"post","link":"https:\/\/sindicatos.cgtp.pt\/uniao-evora\/2016\/12\/23\/nao-e-suficiente-o-aumento-557e-do-salario-minimo-nacional\/","title":{"rendered":"N\u00e3o \u00e9 suficiente o aumento 557\u20ac do Sal\u00e1rio M\u00ednimo Nacional"},"content":{"rendered":"<p><a href=\"https:\/\/www.youtube.com\/watch?v=ye7pW05eZUc\"><img loading=\"lazy\" decoding=\"async\" class=\"alignleft  wp-image-2134\" alt=\"lutacontinua\" src=\"https:\/\/sindicatos.cgtp.pt\/uniao-evora\/wp-content\/blogs.dir\/44\/files\/sites\/44\/2016\/12\/lutacontinua.jpg\" width=\"307\" height=\"175\" srcset=\"https:\/\/sindicatos.cgtp.pt\/uniao-evora\/wp-content\/blogs.dir\/44\/files\/sites\/44\/2016\/12\/lutacontinua.jpg 511w, https:\/\/sindicatos.cgtp.pt\/uniao-evora\/wp-content\/blogs.dir\/44\/files\/sites\/44\/2016\/12\/lutacontinua-240x136.jpg 240w\" sizes=\"auto, (max-width: 307px) 100vw, 307px\" \/><\/a>O aumento do sal\u00e1rio m\u00ednimo para os 557 euros n\u00e3o \u00e9 suficiente para a CGTP-IN. Arm\u00e9nio Carlos comunicou, no final da reuni\u00e3o, que &#8220;valeu a pena a CGTP-IN ter mantido uma posi\u00e7\u00e3o firme e determinada quanto ao valor do sal\u00e1rio m\u00ednimo nacional. Congratulando, seguidamente, o facto da subida de 27 euros acontecer no primeiro dia do ano, por interven\u00e7\u00e3o directa da CGTP-IN.<!--more--><\/p>\n<p>Contudo, justificou que a CGTP-IN n\u00e3o assinou o acordo por estar em total desacordo com a redu\u00e7\u00e3o da Taxa Social \u00danica, deixando duras criticas ao Governo pelo agravamento da proposta inicial que passou da redu\u00e7\u00e3o da TSU de 1% para 1,25%, afirmando ainda que &#8220;este acordo \u00e9 um cabaz de Natal recheado para os patr\u00f5es, cheio de mordomias e de centenas de milh\u00f5es de euros\u201c.<\/p>\n<p>No final da confer\u00eancia de imprensa, o secret\u00e1rio-geral da CGTP-IN concluiu que o acordo tem como \u201cgrandes beneficiadas as grandes empresas\u201d, que \u201co Governo n\u00e3o teve coragem de acabar com a norma da caducidade\u201d e que \u201cn\u00e3o rompeu\u201d com medidas do Governo anterior por falta de \u201cousadia e coragem de enfrentar o l\u00f3bi instalado\u201d.<\/p>\n<p><a href=\"https:\/\/www.youtube.com\/watch?v=ye7pW05eZUc\">Declara\u00e7\u00e3o da CGTP-IN<\/a><\/p>\n","protected":false},"excerpt":{"rendered":"<p>O aumento do sal\u00e1rio m\u00ednimo para os 557 euros n\u00e3o \u00e9 suficiente para a CGTP-IN. Arm\u00e9nio Carlos comunicou, no final da reuni\u00e3o, que &#8220;valeu a pena a CGTP-IN ter mantido uma posi\u00e7\u00e3o firme e determinada quanto ao valor do sal\u00e1rio m\u00ednimo nacional. Congratulando, seguidamente, o<\/p>\n","protected":false},"author":41,"featured_media":0,"comment_status":"closed","ping_status":"open","sticky":false,"template":"","format":"standard","meta":{"footnotes":""},"categories":[4,1],"tags":[],"class_list":["post-2133","post","type-post","status-publish","format-standard","hentry","category-accao-sindical","category-noticias"],"_links":{"self":[{"href":"https:\/\/sindicatos.cgtp.pt\/uniao-evora\/wp-json\/wp\/v2\/posts\/2133","targetHints":{"allow":["GET"]}}],"collection":[{"href":"https:\/\/sindicatos.cgtp.pt\/uniao-evora\/wp-json\/wp\/v2\/posts"}],"about":[{"href":"https:\/\/sindicatos.cgtp.pt\/uniao-evora\/wp-json\/wp\/v2\/types\/post"}],"author":[{"embeddable":true,"href":"https:\/\/sindicatos.cgtp.pt\/uniao-evora\/wp-json\/wp\/v2\/users\/41"}],"replies":[{"embeddable":true,"href":"https:\/\/sindicatos.cgtp.pt\/uniao-evora\/wp-json\/wp\/v2\/comments?post=2133"}],"version-history":[{"count":6,"href":"https:\/\/sindicatos.cgtp.pt\/uniao-evora\/wp-json\/wp\/v2\/posts\/2133\/revisions"}],"predecessor-version":[{"id":2147,"href":"https:\/\/sindicatos.cgtp.pt\/uniao-evora\/wp-json\/wp\/v2\/posts\/2133\/revisions\/2147"}],"wp:attachment":[{"href":"https:\/\/sindicatos.cgtp.pt\/uniao-evora\/wp-json\/wp\/v2\/media?parent=2133"}],"wp:term":[{"taxonomy":"category","embeddable":true,"href":"https:\/\/sindicatos.cgtp.pt\/uniao-evora\/wp-json\/wp\/v2\/categories?post=2133"},{"taxonomy":"post_tag","embeddable":true,"href":"https:\/\/sindicatos.cgtp.pt\/uniao-evora\/wp-json\/wp\/v2\/tags?post=2133"}],"curies":[{"name":"wp","href":"https:\/\/api.w.org\/{rel}","templated":true}]}}