{"id":2183,"date":"2017-02-22T18:08:30","date_gmt":"2017-02-22T18:08:30","guid":{"rendered":"http:\/\/sindicatos.cgtp.pt\/uniao-evora\/?p=2183"},"modified":"2017-03-02T18:08:42","modified_gmt":"2017-03-02T18:08:42","slug":"semana-da-igualdade-da-cgtp-in-vai-ter-expressao-em-evora","status":"publish","type":"post","link":"https:\/\/sindicatos.cgtp.pt\/uniao-evora\/2017\/02\/22\/semana-da-igualdade-da-cgtp-in-vai-ter-expressao-em-evora\/","title":{"rendered":"Semana da igualdade da CGTP-IN, vai ter express\u00e3o em \u00c9vora"},"content":{"rendered":"<p><a href=\"https:\/\/sindicatos.cgtp.pt\/uniao-evora\/2017\/02\/22\/semana-da-igualdade-da-cgtp-in-vai-ter-expressao-em-evora\/cartazete_a3_semana_igualdade_pdf-2-1\/\" rel=\"attachment wp-att-2184\"><img loading=\"lazy\" decoding=\"async\" class=\"alignleft  wp-image-2184\" alt=\"Jantar 8 Mar\u00e7o\" src=\"https:\/\/sindicatos.cgtp.pt\/uniao-evora\/wp-content\/blogs.dir\/44\/files\/sites\/44\/2017\/02\/CARTAZETE_A3_SEMANA_IGUALDADE_PDF-2-1-565x800.jpg\" width=\"230\" height=\"326\" srcset=\"https:\/\/sindicatos.cgtp.pt\/uniao-evora\/wp-content\/blogs.dir\/44\/files\/sites\/44\/2017\/02\/CARTAZETE_A3_SEMANA_IGUALDADE_PDF-2-1-565x800.jpg 565w, https:\/\/sindicatos.cgtp.pt\/uniao-evora\/wp-content\/blogs.dir\/44\/files\/sites\/44\/2017\/02\/CARTAZETE_A3_SEMANA_IGUALDADE_PDF-2-1-169x240.jpg 169w\" sizes=\"auto, (max-width: 230px) 100vw, 230px\" \/><\/a>Vai ter lugar de 6 a 10 de Mar\u00e7o a semana da igualdade da CGTP-IN, que ter\u00e1 express\u00e3o nas empresas e locais de trabalho do sector p\u00fablico e privado no distrito de \u00c9vora, sendo que os sindicatos far\u00e3o a sua interven\u00e7\u00e3o sobre os problemas das trabalhadores, estando relacionados com os seguintes temas: &#8220;Igualdade salarial entre mulheres e homens&#8221; &#8211; &#8220;Direitos de maternidade e paternidade&#8221; &#8211; &#8220;Concilia\u00e7\u00e3o da vida profissional com a vida familiar e pessoal&#8221; \u00a0&#8211; &#8220;Condi\u00e7\u00f5es de trabalho das mulheres (ass\u00e9dio moral e doen\u00e7as profissionais)&#8221; &#8211; &#8220;Precariedade no trabalho das mulheres&#8221;.<\/p>\n<p>A Comiss\u00e3o para a Igualdade entre Mulheres e Homens da Uni\u00e3o de Sindicatos do Distrito de \u00c9vora\/CGTP-IN vai realizar do dia 8 Mar\u00e7o &#8220;Dia Internacional da Mulher&#8221; um jantar comemorativo, como o tema &#8220;Concilia\u00e7\u00e3o da vida profissional com a vida familiar e pessoal&#8221;, pelas 19H30 no Monte Alentejano, em \u00c9vora e que contar\u00e1 coma a presen\u00e7a de Ana Pires membro da Comiss\u00e3o Executiva da CGTP-IN.<!--more--><\/p>\n<p>A CIMH\/USDE vai realizar no dia 9 de Mar\u00e7o, na APA (rua 5 de Outubro) em \u00c9vora, com in\u00edcio \u00e0s 17:30, uma ac\u00e7\u00e3o de sensibiliza\u00e7\u00e3o\/debate em torno da problem\u00e1tica do ass\u00e9dio no trabalho, com o tema \u201cCondi\u00e7\u00f5es de trabalho das mulheres &#8211; ass\u00e9dio moral e doen\u00e7as profissionais \u201c este ac\u00e7\u00e3o \u00e9 coordenado pela Comiss\u00e3o para a Igualdade entre Mulheres e Homens &#8211; CIMH\/CGTP-IN e que contar\u00e1 com uma equipa t\u00e9cnica e jur\u00eddica de apoio \u00e0 CIMH\/CGTP-IN) para al\u00e9m de dirigentes sindicais.<\/p>\n<p>A CIMH\/USDE apela \u00e0s mulheres e aos homens que participem activamente na <b>Semana da Igualdade entre mulheres e homens \u2013 \u201cValorizar o trabalho, efectivar a igualdade\u201d<\/b>, fazendo desta iniciativa um instrumento para a luta pela valoriza\u00e7\u00e3o do trabalho e o combate \u00e0s descrimina\u00e7\u00f5es que continuam a persistir no meio laboral. Apelamos ainda a uma forte Participa\u00e7\u00e3o na\u00a0<b>Manifesta\u00e7\u00e3o Nacional de Mulheres no dia 11 de Mar\u00e7o<\/b>, promovida pelo MDM sob o lema \u201cA voz das mulheres pela igualdade de direitos | Desenvolvimento | Paz\u201d.<\/p>\n","protected":false},"excerpt":{"rendered":"<p>Vai ter lugar de 6 a 10 de Mar\u00e7o a semana da igualdade da CGTP-IN, que ter\u00e1 express\u00e3o nas empresas e locais de trabalho do sector p\u00fablico e privado no distrito de \u00c9vora, sendo que os sindicatos far\u00e3o a sua interven\u00e7\u00e3o sobre os problemas das<\/p>\n","protected":false},"author":41,"featured_media":0,"comment_status":"closed","ping_status":"open","sticky":false,"template":"","format":"standard","meta":{"footnotes":""},"categories":[4,1],"tags":[],"class_list":["post-2183","post","type-post","status-publish","format-standard","hentry","category-accao-sindical","category-noticias"],"_links":{"self":[{"href":"https:\/\/sindicatos.cgtp.pt\/uniao-evora\/wp-json\/wp\/v2\/posts\/2183","targetHints":{"allow":["GET"]}}],"collection":[{"href":"https:\/\/sindicatos.cgtp.pt\/uniao-evora\/wp-json\/wp\/v2\/posts"}],"about":[{"href":"https:\/\/sindicatos.cgtp.pt\/uniao-evora\/wp-json\/wp\/v2\/types\/post"}],"author":[{"embeddable":true,"href":"https:\/\/sindicatos.cgtp.pt\/uniao-evora\/wp-json\/wp\/v2\/users\/41"}],"replies":[{"embeddable":true,"href":"https:\/\/sindicatos.cgtp.pt\/uniao-evora\/wp-json\/wp\/v2\/comments?post=2183"}],"version-history":[{"count":5,"href":"https:\/\/sindicatos.cgtp.pt\/uniao-evora\/wp-json\/wp\/v2\/posts\/2183\/revisions"}],"predecessor-version":[{"id":2188,"href":"https:\/\/sindicatos.cgtp.pt\/uniao-evora\/wp-json\/wp\/v2\/posts\/2183\/revisions\/2188"}],"wp:attachment":[{"href":"https:\/\/sindicatos.cgtp.pt\/uniao-evora\/wp-json\/wp\/v2\/media?parent=2183"}],"wp:term":[{"taxonomy":"category","embeddable":true,"href":"https:\/\/sindicatos.cgtp.pt\/uniao-evora\/wp-json\/wp\/v2\/categories?post=2183"},{"taxonomy":"post_tag","embeddable":true,"href":"https:\/\/sindicatos.cgtp.pt\/uniao-evora\/wp-json\/wp\/v2\/tags?post=2183"}],"curies":[{"name":"wp","href":"https:\/\/api.w.org\/{rel}","templated":true}]}}