{"id":2227,"date":"2017-03-09T15:56:33","date_gmt":"2017-03-09T15:56:33","guid":{"rendered":"http:\/\/sindicatos.cgtp.pt\/uniao-evora\/?p=2227"},"modified":"2017-03-14T21:06:14","modified_gmt":"2017-03-14T21:06:14","slug":"pingo-doce-em-evora-contou-com-a-presenca-da-semana-da-igualdade-da-cgtp-in","status":"publish","type":"post","link":"https:\/\/sindicatos.cgtp.pt\/uniao-evora\/2017\/03\/09\/pingo-doce-em-evora-contou-com-a-presenca-da-semana-da-igualdade-da-cgtp-in\/","title":{"rendered":"A Semana da igualdade da CGTP-IN passou pelo Pingo Doce em \u00c9vora"},"content":{"rendered":"<div><a href=\"https:\/\/sindicatos.cgtp.pt\/uniao-evora\/2017\/03\/09\/pingo-doce-em-evora-contou-com-a-presenca-da-semana-da-igualdade-da-cgtp-in\/pingo-doce\/\" rel=\"attachment wp-att-2230\"><img loading=\"lazy\" decoding=\"async\" class=\"alignleft  wp-image-2230\" alt=\"Pingo Doce \u00c9vora\" src=\"https:\/\/sindicatos.cgtp.pt\/uniao-evora\/wp-content\/blogs.dir\/44\/files\/sites\/44\/2017\/03\/Pingo-Doce-800x490.jpg\" width=\"336\" height=\"206\" srcset=\"https:\/\/sindicatos.cgtp.pt\/uniao-evora\/wp-content\/blogs.dir\/44\/files\/sites\/44\/2017\/03\/Pingo-Doce-800x490.jpg 800w, https:\/\/sindicatos.cgtp.pt\/uniao-evora\/wp-content\/blogs.dir\/44\/files\/sites\/44\/2017\/03\/Pingo-Doce-240x147.jpg 240w, https:\/\/sindicatos.cgtp.pt\/uniao-evora\/wp-content\/blogs.dir\/44\/files\/sites\/44\/2017\/03\/Pingo-Doce.jpg 1002w\" sizes=\"auto, (max-width: 336px) 100vw, 336px\" \/><\/a>No \u00e2mbito da semana da igualdade da CGTP-IN com o lema &#8220;valorizar o trabalho &#8211; efectivar a igualdade&#8221;, no distrito de \u00c9vora o CESP realizou no dia de ontem ac\u00e7\u00f5es de perman\u00eancia e contacto junto dos trabalhadores do Pingo Doce em \u00c9vora e realizou ainda um plen\u00e1rio de trabalhadores na Santa Casa da Miseric\u00f3rdia das Alc\u00e1\u00e7ovas.<\/div>\n<div><!--more--><\/div>\n<div>Com a participa\u00e7\u00e3o de Ana Pires da comiss\u00e3o executiva da CGTP-IN um dos principais temas discutidos foi o Dia Internacional da Mulher e &#8220;concilia\u00e7\u00e3o da vida profissional com a vida familiar e pessoal&#8221; este \u00e9 um tema que assume uma extraordin\u00e1ria import\u00e2ncia naqueles locais de trabalho.<\/div>\n<div>Existem outras quest\u00f5es que preocupam os trabalhadores do Pingo Doce como os hor\u00e1rios e categorias profissionais e da\u00a0Santa Casa da Miseric\u00f3rdia das Alc\u00e1\u00e7ovas hor\u00e1rios e pagamentos de subsidio de turno entre outros direitos<\/div>\n<div><\/div>\n<div>O CESP desenvolver\u00e1 em conjunto com os trabalhadores as ac\u00e7\u00f5es que estes \u00a0entendam pertinentes para a melhoria das suas condi\u00e7\u00f5es de trabalho e vida. Apelamos ainda a participa\u00e7\u00e3o na Manifesta\u00e7\u00e3o Nacional de Mulheres no dia 11 de Mar\u00e7o em Lisboa, promovida pelo MDM.<\/div>\n","protected":false},"excerpt":{"rendered":"<p>No \u00e2mbito da semana da igualdade da CGTP-IN com o lema &#8220;valorizar o trabalho &#8211; efectivar a igualdade&#8221;, no distrito de \u00c9vora o CESP realizou no dia de ontem ac\u00e7\u00f5es de perman\u00eancia e contacto junto dos trabalhadores do Pingo Doce em \u00c9vora e realizou ainda<\/p>\n","protected":false},"author":41,"featured_media":0,"comment_status":"closed","ping_status":"open","sticky":false,"template":"","format":"standard","meta":{"footnotes":""},"categories":[4,1],"tags":[],"class_list":["post-2227","post","type-post","status-publish","format-standard","hentry","category-accao-sindical","category-noticias"],"_links":{"self":[{"href":"https:\/\/sindicatos.cgtp.pt\/uniao-evora\/wp-json\/wp\/v2\/posts\/2227","targetHints":{"allow":["GET"]}}],"collection":[{"href":"https:\/\/sindicatos.cgtp.pt\/uniao-evora\/wp-json\/wp\/v2\/posts"}],"about":[{"href":"https:\/\/sindicatos.cgtp.pt\/uniao-evora\/wp-json\/wp\/v2\/types\/post"}],"author":[{"embeddable":true,"href":"https:\/\/sindicatos.cgtp.pt\/uniao-evora\/wp-json\/wp\/v2\/users\/41"}],"replies":[{"embeddable":true,"href":"https:\/\/sindicatos.cgtp.pt\/uniao-evora\/wp-json\/wp\/v2\/comments?post=2227"}],"version-history":[{"count":4,"href":"https:\/\/sindicatos.cgtp.pt\/uniao-evora\/wp-json\/wp\/v2\/posts\/2227\/revisions"}],"predecessor-version":[{"id":2246,"href":"https:\/\/sindicatos.cgtp.pt\/uniao-evora\/wp-json\/wp\/v2\/posts\/2227\/revisions\/2246"}],"wp:attachment":[{"href":"https:\/\/sindicatos.cgtp.pt\/uniao-evora\/wp-json\/wp\/v2\/media?parent=2227"}],"wp:term":[{"taxonomy":"category","embeddable":true,"href":"https:\/\/sindicatos.cgtp.pt\/uniao-evora\/wp-json\/wp\/v2\/categories?post=2227"},{"taxonomy":"post_tag","embeddable":true,"href":"https:\/\/sindicatos.cgtp.pt\/uniao-evora\/wp-json\/wp\/v2\/tags?post=2227"}],"curies":[{"name":"wp","href":"https:\/\/api.w.org\/{rel}","templated":true}]}}