{"id":2260,"date":"2017-03-22T21:33:04","date_gmt":"2017-03-22T21:33:04","guid":{"rendered":"http:\/\/sindicatos.cgtp.pt\/uniao-evora\/?p=2260"},"modified":"2017-03-29T08:16:28","modified_gmt":"2017-03-29T08:16:28","slug":"28-de-marco-manifestacao-nacional-da-juventude-trabalhadores","status":"publish","type":"post","link":"https:\/\/sindicatos.cgtp.pt\/uniao-evora\/2017\/03\/22\/28-de-marco-manifestacao-nacional-da-juventude-trabalhadores\/","title":{"rendered":"28 de Mar\u00e7o Manifesta\u00e7\u00e3o Nacional da juventude trabalhadores!"},"content":{"rendered":"<p><a href=\"https:\/\/sindicatos.cgtp.pt\/uniao-evora\/2017\/03\/22\/28-de-marco-manifestacao-nacional-da-juventude-trabalhadores\/cartaz-28ma-1-3\/\" rel=\"attachment wp-att-2258\"><img loading=\"lazy\" decoding=\"async\" class=\"alignleft  wp-image-2258\" alt=\"cartaz-28ma (1)\" src=\"https:\/\/sindicatos.cgtp.pt\/uniao-evora\/wp-content\/blogs.dir\/44\/files\/sites\/44\/2017\/03\/cartaz-28ma-12-e1490218015936.jpg\" width=\"161\" height=\"227\" \/><\/a>Multiplicam-se as ac\u00e7\u00e3o de esclarecimento e mobiliza\u00e7\u00e3o de jovens trabalhadores de todo o distrito, nos locais de trabalho, desde o p\u00fablico ao privado, com vinculo prec\u00e1rio ou efectivo.<\/p>\n<p>\u00c9 sobre o lema &#8220;O tempo \u00e9 hoje! Vencer a precariedade, defender os nossos direitos!&#8221; que a INTERJOVEM\/\u00c9vora apela \u00e0 juventude do distrito que se juntem a n\u00f3s nos autocarros que partem pelas 11H30 do Rossio em \u00c9vora e \u00e0s 12H15 no parque urbano em Montemor-o-Novo, para engrossarmos a participa\u00e7\u00e3o na manifesta\u00e7\u00e3o \u00e0s 15 horas &#8211; Pra\u00e7a da Figueira &gt; Assembleia da Rep\u00fablica.<\/p>\n","protected":false},"excerpt":{"rendered":"<p>Multiplicam-se as ac\u00e7\u00e3o de esclarecimento e mobiliza\u00e7\u00e3o de jovens trabalhadores de todo o distrito, nos locais de trabalho, desde o p\u00fablico ao privado, com vinculo prec\u00e1rio ou efectivo. \u00c9 sobre o lema &#8220;O tempo \u00e9 hoje! Vencer a precariedade, defender os nossos direitos!&#8221; que a<\/p>\n","protected":false},"author":41,"featured_media":0,"comment_status":"closed","ping_status":"open","sticky":false,"template":"","format":"standard","meta":{"footnotes":""},"categories":[4,1],"tags":[],"class_list":["post-2260","post","type-post","status-publish","format-standard","hentry","category-accao-sindical","category-noticias"],"_links":{"self":[{"href":"https:\/\/sindicatos.cgtp.pt\/uniao-evora\/wp-json\/wp\/v2\/posts\/2260","targetHints":{"allow":["GET"]}}],"collection":[{"href":"https:\/\/sindicatos.cgtp.pt\/uniao-evora\/wp-json\/wp\/v2\/posts"}],"about":[{"href":"https:\/\/sindicatos.cgtp.pt\/uniao-evora\/wp-json\/wp\/v2\/types\/post"}],"author":[{"embeddable":true,"href":"https:\/\/sindicatos.cgtp.pt\/uniao-evora\/wp-json\/wp\/v2\/users\/41"}],"replies":[{"embeddable":true,"href":"https:\/\/sindicatos.cgtp.pt\/uniao-evora\/wp-json\/wp\/v2\/comments?post=2260"}],"version-history":[{"count":3,"href":"https:\/\/sindicatos.cgtp.pt\/uniao-evora\/wp-json\/wp\/v2\/posts\/2260\/revisions"}],"predecessor-version":[{"id":2271,"href":"https:\/\/sindicatos.cgtp.pt\/uniao-evora\/wp-json\/wp\/v2\/posts\/2260\/revisions\/2271"}],"wp:attachment":[{"href":"https:\/\/sindicatos.cgtp.pt\/uniao-evora\/wp-json\/wp\/v2\/media?parent=2260"}],"wp:term":[{"taxonomy":"category","embeddable":true,"href":"https:\/\/sindicatos.cgtp.pt\/uniao-evora\/wp-json\/wp\/v2\/categories?post=2260"},{"taxonomy":"post_tag","embeddable":true,"href":"https:\/\/sindicatos.cgtp.pt\/uniao-evora\/wp-json\/wp\/v2\/tags?post=2260"}],"curies":[{"name":"wp","href":"https:\/\/api.w.org\/{rel}","templated":true}]}}