{"id":2263,"date":"2017-03-27T20:55:54","date_gmt":"2017-03-27T20:55:54","guid":{"rendered":"http:\/\/sindicatos.cgtp.pt\/uniao-evora\/?p=2263"},"modified":"2017-04-22T10:13:00","modified_gmt":"2017-04-22T10:13:00","slug":"usde-vai-assinalar-o-centenario-da-revolucao-de-outubro-1917","status":"publish","type":"post","link":"https:\/\/sindicatos.cgtp.pt\/uniao-evora\/2017\/03\/27\/usde-vai-assinalar-o-centenario-da-revolucao-de-outubro-1917\/","title":{"rendered":"USDE vai assinalar o Centen\u00e1rio da Revolu\u00e7\u00e3o de Outubro 1917"},"content":{"rendered":"<p><a href=\"https:\/\/sindicatos.cgtp.pt\/uniao-evora\/2017\/03\/27\/usde-vai-assinalar-o-centenario-da-revolucao-de-outubro-1917\/centenario-revolucao-outubro-cartaz-evora\/\" rel=\"attachment wp-att-2264\"><img loading=\"lazy\" decoding=\"async\" class=\"alignleft  wp-image-2264\" alt=\"Centen\u00e1rio Revolu\u00e7\u00e3o Outubro - cartaz \u00c9vora\" src=\"https:\/\/sindicatos.cgtp.pt\/uniao-evora\/wp-content\/blogs.dir\/44\/files\/sites\/44\/2017\/03\/Centen\u00e1rio-Revolu\u00e7\u00e3o-Outubro-cartaz-\u00c9vora-565x800.jpg\" width=\"173\" height=\"244\" srcset=\"https:\/\/sindicatos.cgtp.pt\/uniao-evora\/wp-content\/blogs.dir\/44\/files\/sites\/44\/2017\/03\/Centen\u00e1rio-Revolu\u00e7\u00e3o-Outubro-cartaz-\u00c9vora-565x800.jpg 565w, https:\/\/sindicatos.cgtp.pt\/uniao-evora\/wp-content\/blogs.dir\/44\/files\/sites\/44\/2017\/03\/Centen\u00e1rio-Revolu\u00e7\u00e3o-Outubro-cartaz-\u00c9vora.jpg 724w\" sizes=\"auto, (max-width: 173px) 100vw, 173px\" \/><\/a>Nos tempos dif\u00edceis em que vivemos, marcados pela agudiza\u00e7\u00e3o do confronto entre o trabalho e o capital, em que os trabalhadores, a par da luta permanente pela melhoria das condi\u00e7\u00f5es de vida e de trabalho, s\u00e3o obrigados a empenhar todas as suas for\u00e7as na defesa dos mais elementares direitos sociais econ\u00f3micos e culturais, incluindo o pr\u00f3prio direito \u00e0 soberania do Pa\u00eds.<\/p>\n<p>A Uni\u00e3o Sindicatos Distrito de \u00c9vora\/CGTP-IN, sobre o tema \u201c Conquista de direitos, contrata\u00e7\u00e3o colectiva\u201d vai realizar um debate e tem o prazer de te convidar a estares presente, no pr\u00f3ximo dia 7 Abril 2017, na APA que sita n\u00ba 94 da Rua 5 Outubro em \u00c9vora.<!--more--><\/p>\n<p>Trata-se de uma iniciativa que contar\u00e1 com a presen\u00e7a dos Camaradas Jo\u00e3o Torres membro da Comiss\u00e3o Executiva do CN da CGTP-IN e Am\u00e9rico Nunes Ex Dirigente da CGTP-IN, iniciativa que pretende reconhecer e assinalar as transforma\u00e7\u00f5es revolucion\u00e1rias verificadas na URSS, designadamente: a implementa\u00e7\u00e3o do direito ao trabalho; o do trabalho com direitos, o direito \u00e0 igualdade e ao fim das discrimina\u00e7\u00f5es entre mulheres e homens, constitu\u00edram um exemplo \u00edmpar para os povos de todo o mundo e deram um impulso \u00e0 luta dos trabalhadores pela emancipa\u00e7\u00e3o social.<\/p>\n","protected":false},"excerpt":{"rendered":"<p>Nos tempos dif\u00edceis em que vivemos, marcados pela agudiza\u00e7\u00e3o do confronto entre o trabalho e o capital, em que os trabalhadores, a par da luta permanente pela melhoria das condi\u00e7\u00f5es de vida e de trabalho, s\u00e3o obrigados a empenhar todas as suas for\u00e7as na defesa<\/p>\n","protected":false},"author":41,"featured_media":0,"comment_status":"closed","ping_status":"open","sticky":false,"template":"","format":"standard","meta":{"footnotes":""},"categories":[4,1],"tags":[],"class_list":["post-2263","post","type-post","status-publish","format-standard","hentry","category-accao-sindical","category-noticias"],"_links":{"self":[{"href":"https:\/\/sindicatos.cgtp.pt\/uniao-evora\/wp-json\/wp\/v2\/posts\/2263","targetHints":{"allow":["GET"]}}],"collection":[{"href":"https:\/\/sindicatos.cgtp.pt\/uniao-evora\/wp-json\/wp\/v2\/posts"}],"about":[{"href":"https:\/\/sindicatos.cgtp.pt\/uniao-evora\/wp-json\/wp\/v2\/types\/post"}],"author":[{"embeddable":true,"href":"https:\/\/sindicatos.cgtp.pt\/uniao-evora\/wp-json\/wp\/v2\/users\/41"}],"replies":[{"embeddable":true,"href":"https:\/\/sindicatos.cgtp.pt\/uniao-evora\/wp-json\/wp\/v2\/comments?post=2263"}],"version-history":[{"count":5,"href":"https:\/\/sindicatos.cgtp.pt\/uniao-evora\/wp-json\/wp\/v2\/posts\/2263\/revisions"}],"predecessor-version":[{"id":2326,"href":"https:\/\/sindicatos.cgtp.pt\/uniao-evora\/wp-json\/wp\/v2\/posts\/2263\/revisions\/2326"}],"wp:attachment":[{"href":"https:\/\/sindicatos.cgtp.pt\/uniao-evora\/wp-json\/wp\/v2\/media?parent=2263"}],"wp:term":[{"taxonomy":"category","embeddable":true,"href":"https:\/\/sindicatos.cgtp.pt\/uniao-evora\/wp-json\/wp\/v2\/categories?post=2263"},{"taxonomy":"post_tag","embeddable":true,"href":"https:\/\/sindicatos.cgtp.pt\/uniao-evora\/wp-json\/wp\/v2\/tags?post=2263"}],"curies":[{"name":"wp","href":"https:\/\/api.w.org\/{rel}","templated":true}]}}